{"id":20223,"date":"2023-05-30T12:32:15","date_gmt":"2023-05-30T10:32:15","guid":{"rendered":"https:\/\/www.ntf.uni-lj.si\/oto\/?post_type=news&#038;p=20223"},"modified":"2023-05-30T13:08:44","modified_gmt":"2023-05-30T11:08:44","slug":"folklora-favna-v-parku","status":"publish","type":"news","link":"https:\/\/www.ntf.uni-lj.si\/oto\/news\/folklora-favna-v-parku\/","title":{"rendered":"FOLKLORA. FAVNA. V parku. &amp; BIEN"},"content":{"rendered":"<h3 style=\"text-align: left\">Prisr\u010dno vabljeni na otvoritev bienala tekstilne umetnosti BIEN 2023 v sredo, 31. 5. 2023, ob 18h, v Layerjevo hi\u0161o v Kranju!<\/h3>\n<p style=\"text-align: left\">Na bienalu tekstilne umetnosti <strong><a href=\"https:\/\/layer.si\/bien\/kr\/o\/\">BIEN 2023<\/a><\/strong> bodo razstavljena tudi dela \u0161tudentov <strong>Oblikovanja tekstilij in obla\u010dil, OTGO, NTF, UL<\/strong>, ki so nastala pod skupnim naslovom <strong>FOLKLORA. FAVNA. V parku<\/strong>., v okviru projekta <strong><a href=\"https:\/\/humanistika.si\/dogodki\/folklora-favna-v-parku\/\">Evropska no\u010d raziskovalcev &#8211; Humanistika, to si ti!<\/a><\/strong><\/p>\n<p style=\"text-align: left\">Prvo uradno odprtje bo v sredo, 31. maja, ob 18. uri v Layerjevi hi\u0161i v Kranju. Po uradnem programu bodo odprli vse kranjske lokacije bienala in obiskovalce povabili, da si ogledajo razstave v Globusu, Mestni knji\u017enici Kranj, Stolpu Pungert, Galeriji Ceneta Avgu\u0161tina in Kleti mestne hi\u0161e. Vabljeni tudi na sprehod po kranjskih zunanjih lokacijah. Priporo\u010damo vam, da svoj ogled razstav zaklju\u010dite v Stolpu \u0160krlovec, Medprostoru in Layerjevi hi\u0161i, kjer bomo odprti najdlje in bo poskrbljeno tudi za glasbo in dru\u017eenje. razstave v okviru bienala bodo na ogled do 10. 8. 2023.<\/p>\n","protected":false},"excerpt":{"rendered":"Prisr\u010dno vabljeni na otvoritev bienala tekstilne umetnosti BIEN 2023 v sredo, 31. 5. 2023, ob 18h, v Layerjevo hi\u0161o v Kranju! Na bienalu tekstilne umetnosti BIEN 2023 bodo razstavljena tudi dela \u0161tudentov Oblikovanja tekstilij in obla\u010dil, OTGO, NTF, UL, ki so nastala pod skupnim naslovom FOLKLORA. FAVNA. V parku., v okviru projekta Evropska no\u010d raziskovalcev &#8230; <a class=\"view-article\" href=\"https:\/\/www.ntf.uni-lj.si\/oto\/news\/folklora-favna-v-parku\/\">Read more<\/a>","protected":false},"author":27,"featured_media":20224,"template":"","categories":[],"acf":[],"yoast_head":"<!-- This site is optimized with the Yoast SEO plugin v17.0 - https:\/\/yoast.com\/wordpress\/plugins\/seo\/ -->\n<meta name=\"robots\" content=\"index, follow, max-snippet:-1, max-image-preview:large, max-video-preview:-1\" \/>\n<link rel=\"canonical\" href=\"https:\/\/www.ntf.uni-lj.si\/oto\/news\/folklora-favna-v-parku\/\" \/>\n<meta property=\"og:locale\" content=\"en_US\" \/>\n<meta property=\"og:type\" content=\"article\" \/>\n<meta property=\"og:title\" content=\"FOLKLORA. FAVNA. V parku. &amp; BIEN - OTO\" \/>\n<meta property=\"og:description\" content=\"Prisr\u010dno vabljeni na otvoritev bienala tekstilne umetnosti BIEN 2023 v sredo, 31. 5. 2023, ob 18h, v Layerjevo hi\u0161o v Kranju! Na bienalu tekstilne umetnosti BIEN 2023 bodo razstavljena tudi dela \u0161tudentov Oblikovanja tekstilij in obla\u010dil, OTGO, NTF, UL, ki so nastala pod skupnim naslovom FOLKLORA. FAVNA. V parku., v okviru projekta Evropska no\u010d raziskovalcev ... Read more\" \/>\n<meta property=\"og:url\" content=\"https:\/\/www.ntf.uni-lj.si\/oto\/news\/folklora-favna-v-parku\/\" \/>\n<meta property=\"og:site_name\" content=\"OTO\" \/>\n<meta property=\"article:modified_time\" content=\"2023-05-30T11:08:44+00:00\" \/>\n<meta property=\"og:image\" content=\"https:\/\/www.ntf.uni-lj.si\/oto\/wp-content\/uploads\/sites\/6\/2023\/05\/e_VABILO_BIEN2023-scaled.jpg\" \/>\n\t<meta property=\"og:image:width\" content=\"1810\" \/>\n\t<meta property=\"og:image:height\" content=\"2560\" \/>\n<meta name=\"twitter:label1\" content=\"Est. reading time\" \/>\n\t<meta name=\"twitter:data1\" content=\"1 minute\" \/>\n<script type=\"application\/ld+json\" class=\"yoast-schema-graph\">{\"@context\":\"https:\/\/schema.org\",\"@graph\":[{\"@type\":\"WebSite\",\"@id\":\"https:\/\/www.ntf.uni-lj.si\/oto\/en\/#website\",\"url\":\"https:\/\/www.ntf.uni-lj.si\/oto\/en\/\",\"name\":\"OTO\",\"description\":\"Katedra za oblikovanje tekstilij in obla\\u010dil\",\"potentialAction\":[{\"@type\":\"SearchAction\",\"target\":{\"@type\":\"EntryPoint\",\"urlTemplate\":\"https:\/\/www.ntf.uni-lj.si\/oto\/en\/?s={search_term_string}\"},\"query-input\":\"required name=search_term_string\"}],\"inLanguage\":\"en-US\"},{\"@type\":\"ImageObject\",\"@id\":\"https:\/\/www.ntf.uni-lj.si\/oto\/news\/folklora-favna-v-parku\/#primaryimage\",\"inLanguage\":\"en-US\",\"url\":\"https:\/\/www.ntf.uni-lj.si\/oto\/wp-content\/uploads\/sites\/6\/2023\/05\/e_VABILO_BIEN2023-scaled.jpg\",\"contentUrl\":\"https:\/\/www.ntf.uni-lj.si\/oto\/wp-content\/uploads\/sites\/6\/2023\/05\/e_VABILO_BIEN2023-scaled.jpg\",\"width\":1810,\"height\":2560,\"caption\":\"VABILO BIEN2023\"},{\"@type\":\"WebPage\",\"@id\":\"https:\/\/www.ntf.uni-lj.si\/oto\/news\/folklora-favna-v-parku\/#webpage\",\"url\":\"https:\/\/www.ntf.uni-lj.si\/oto\/news\/folklora-favna-v-parku\/\",\"name\":\"FOLKLORA. FAVNA. V parku. &amp; BIEN - OTO\",\"isPartOf\":{\"@id\":\"https:\/\/www.ntf.uni-lj.si\/oto\/en\/#website\"},\"primaryImageOfPage\":{\"@id\":\"https:\/\/www.ntf.uni-lj.si\/oto\/news\/folklora-favna-v-parku\/#primaryimage\"},\"datePublished\":\"2023-05-30T10:32:15+00:00\",\"dateModified\":\"2023-05-30T11:08:44+00:00\",\"breadcrumb\":{\"@id\":\"https:\/\/www.ntf.uni-lj.si\/oto\/news\/folklora-favna-v-parku\/#breadcrumb\"},\"inLanguage\":\"en-US\",\"potentialAction\":[{\"@type\":\"ReadAction\",\"target\":[\"https:\/\/www.ntf.uni-lj.si\/oto\/news\/folklora-favna-v-parku\/\"]}]},{\"@type\":\"BreadcrumbList\",\"@id\":\"https:\/\/www.ntf.uni-lj.si\/oto\/news\/folklora-favna-v-parku\/#breadcrumb\",\"itemListElement\":[{\"@type\":\"ListItem\",\"position\":1,\"name\":\"Home\",\"item\":\"https:\/\/www.ntf.uni-lj.si\/oto\/en\/\"},{\"@type\":\"ListItem\",\"position\":2,\"name\":\"Novice\",\"item\":\"https:\/\/www.ntf.uni-lj.si\/oto\/news\/\"},{\"@type\":\"ListItem\",\"position\":3,\"name\":\"FOLKLORA. FAVNA. V parku. &amp; BIEN\"}]}]}<\/script>\n<!-- \/ Yoast SEO plugin. -->","yoast_head_json":{"robots":{"index":"index","follow":"follow","max-snippet":"max-snippet:-1","max-image-preview":"max-image-preview:large","max-video-preview":"max-video-preview:-1"},"canonical":"https:\/\/www.ntf.uni-lj.si\/oto\/news\/folklora-favna-v-parku\/","og_locale":"en_US","og_type":"article","og_title":"FOLKLORA. FAVNA. V parku. &amp; BIEN - OTO","og_description":"Prisr\u010dno vabljeni na otvoritev bienala tekstilne umetnosti BIEN 2023 v sredo, 31. 5. 2023, ob 18h, v Layerjevo hi\u0161o v Kranju! Na bienalu tekstilne umetnosti BIEN 2023 bodo razstavljena tudi dela \u0161tudentov Oblikovanja tekstilij in obla\u010dil, OTGO, NTF, UL, ki so nastala pod skupnim naslovom FOLKLORA. FAVNA. V parku., v okviru projekta Evropska no\u010d raziskovalcev ... Read more","og_url":"https:\/\/www.ntf.uni-lj.si\/oto\/news\/folklora-favna-v-parku\/","og_site_name":"OTO","article_modified_time":"2023-05-30T11:08:44+00:00","og_image":[{"width":1810,"height":2560,"url":"https:\/\/www.ntf.uni-lj.si\/oto\/wp-content\/uploads\/sites\/6\/2023\/05\/e_VABILO_BIEN2023-scaled.jpg","path":"\/web\/html\/ntf\/public_html\/wp-content\/uploads\/sites\/6\/2023\/05\/e_VABILO_BIEN2023-scaled.jpg","size":"full","id":20224,"alt":"","pixels":4633600,"type":"image\/jpeg"}],"twitter_misc":{"Est. reading time":"1 minute"},"schema":{"@context":"https:\/\/schema.org","@graph":[{"@type":"WebSite","@id":"https:\/\/www.ntf.uni-lj.si\/oto\/en\/#website","url":"https:\/\/www.ntf.uni-lj.si\/oto\/en\/","name":"OTO","description":"Katedra za oblikovanje tekstilij in obla\u010dil","potentialAction":[{"@type":"SearchAction","target":{"@type":"EntryPoint","urlTemplate":"https:\/\/www.ntf.uni-lj.si\/oto\/en\/?s={search_term_string}"},"query-input":"required name=search_term_string"}],"inLanguage":"en-US"},{"@type":"ImageObject","@id":"https:\/\/www.ntf.uni-lj.si\/oto\/news\/folklora-favna-v-parku\/#primaryimage","inLanguage":"en-US","url":"https:\/\/www.ntf.uni-lj.si\/oto\/wp-content\/uploads\/sites\/6\/2023\/05\/e_VABILO_BIEN2023-scaled.jpg","contentUrl":"https:\/\/www.ntf.uni-lj.si\/oto\/wp-content\/uploads\/sites\/6\/2023\/05\/e_VABILO_BIEN2023-scaled.jpg","width":1810,"height":2560,"caption":"VABILO BIEN2023"},{"@type":"WebPage","@id":"https:\/\/www.ntf.uni-lj.si\/oto\/news\/folklora-favna-v-parku\/#webpage","url":"https:\/\/www.ntf.uni-lj.si\/oto\/news\/folklora-favna-v-parku\/","name":"FOLKLORA. FAVNA. V parku. &amp; BIEN - OTO","isPartOf":{"@id":"https:\/\/www.ntf.uni-lj.si\/oto\/en\/#website"},"primaryImageOfPage":{"@id":"https:\/\/www.ntf.uni-lj.si\/oto\/news\/folklora-favna-v-parku\/#primaryimage"},"datePublished":"2023-05-30T10:32:15+00:00","dateModified":"2023-05-30T11:08:44+00:00","breadcrumb":{"@id":"https:\/\/www.ntf.uni-lj.si\/oto\/news\/folklora-favna-v-parku\/#breadcrumb"},"inLanguage":"en-US","potentialAction":[{"@type":"ReadAction","target":["https:\/\/www.ntf.uni-lj.si\/oto\/news\/folklora-favna-v-parku\/"]}]},{"@type":"BreadcrumbList","@id":"https:\/\/www.ntf.uni-lj.si\/oto\/news\/folklora-favna-v-parku\/#breadcrumb","itemListElement":[{"@type":"ListItem","position":1,"name":"Home","item":"https:\/\/www.ntf.uni-lj.si\/oto\/en\/"},{"@type":"ListItem","position":2,"name":"Novice","item":"https:\/\/www.ntf.uni-lj.si\/oto\/news\/"},{"@type":"ListItem","position":3,"name":"FOLKLORA. FAVNA. V parku. &amp; BIEN"}]}]}},"_links":{"self":[{"href":"https:\/\/www.ntf.uni-lj.si\/oto\/wp-json\/wp\/v2\/news\/20223"}],"collection":[{"href":"https:\/\/www.ntf.uni-lj.si\/oto\/wp-json\/wp\/v2\/news"}],"about":[{"href":"https:\/\/www.ntf.uni-lj.si\/oto\/wp-json\/wp\/v2\/types\/news"}],"author":[{"embeddable":true,"href":"https:\/\/www.ntf.uni-lj.si\/oto\/wp-json\/wp\/v2\/users\/27"}],"version-history":[{"count":8,"href":"https:\/\/www.ntf.uni-lj.si\/oto\/wp-json\/wp\/v2\/news\/20223\/revisions"}],"predecessor-version":[{"id":20232,"href":"https:\/\/www.ntf.uni-lj.si\/oto\/wp-json\/wp\/v2\/news\/20223\/revisions\/20232"}],"wp:featuredmedia":[{"embeddable":true,"href":"https:\/\/www.ntf.uni-lj.si\/oto\/wp-json\/wp\/v2\/media\/20224"}],"wp:attachment":[{"href":"https:\/\/www.ntf.uni-lj.si\/oto\/wp-json\/wp\/v2\/media?parent=20223"}],"wp:term":[{"taxonomy":"category","embeddable":true,"href":"https:\/\/www.ntf.uni-lj.si\/oto\/wp-json\/wp\/v2\/categories?post=20223"}],"curies":[{"name":"wp","href":"https:\/\/api.w.org\/{rel}","templated":true}]}}