{"id":21443,"date":"2024-01-23T09:40:24","date_gmt":"2024-01-23T08:40:24","guid":{"rendered":"https:\/\/www.ntf.uni-lj.si\/oto\/?post_type=news&#038;p=21443"},"modified":"2024-01-23T09:53:32","modified_gmt":"2024-01-23T08:53:32","slug":"razstava-vrtickanje-prtickanje","status":"publish","type":"news","link":"https:\/\/www.ntf.uni-lj.si\/oto\/news\/razstava-vrtickanje-prtickanje\/","title":{"rendered":"Razstava VRTI\u010cKANJE, PRTI\u010cKANJE"},"content":{"rendered":"<div class=\"xdj266r x11i5rnm xat24cr x1mh8g0r x1vvkbs x126k92a\">\n<div dir=\"auto\">\u00a0<span class=\"x3nfvp2 x1j61x8r x1fcty0u xdj266r xhhsvwb xat24cr xgzva0m xxymvpz xlup9mm x1kky2od\"><img loading=\"lazy\" class=\"xz74otr\" src=\"https:\/\/static.xx.fbcdn.net\/images\/emoji.php\/v9\/tf0\/1\/16\/1f338.png\" alt=\"\ud83c\udf38\" width=\"16\" height=\"16\" \/>\u00a0<strong>V<\/strong><\/span><strong> \u010detrtek, 25. 1. 2024 ob 17h vljudno vabljeni na otvoritev razstave Zale Hrastar z naslovom Vrti\u010dkanje, Prti\u010dkanje, ki bo v preddverju Cankarjevega doma v Ljubljani.<\/strong> <span class=\"x3nfvp2 x1j61x8r x1fcty0u xdj266r xhhsvwb xat24cr xgzva0m xxymvpz xlup9mm x1kky2od\"><img loading=\"lazy\" class=\"xz74otr\" src=\"https:\/\/static.xx.fbcdn.net\/images\/emoji.php\/v9\/tf0\/1\/16\/1f338.png\" alt=\"\ud83c\udf38\" width=\"16\" height=\"16\" \/>\u00a0<\/span><\/div>\n<div dir=\"auto\"><\/div>\n<div dir=\"auto\"><span class=\"x3nfvp2 x1j61x8r x1fcty0u xdj266r xhhsvwb xat24cr xgzva0m xxymvpz xlup9mm x1kky2od\"><img loading=\"lazy\" class=\"xz74otr\" src=\"https:\/\/static.xx.fbcdn.net\/images\/emoji.php\/v9\/tf0\/1\/16\/1f338.png\" alt=\"\ud83c\udf38\" width=\"16\" height=\"16\" \/>\u00a0Na razstavnem panoju bo predstavljen umetni\u0161ki projekt, Zalino magistrsko delo, ki je nastalo leta 2023 pod mentorstvom<\/span>\u00a0prof. Jenko Marije in mag. doc. Petje Zorec. Za magistrsko delo je prejela priznanje Daljnogled 2023 za mlade oblikovalce, ki ga podeljuje Dru\u0161tvo oblikovalcev Slovenije. <span class=\"x3nfvp2 x1j61x8r x1fcty0u xdj266r xhhsvwb xat24cr xgzva0m xxymvpz xlup9mm x1kky2od\"><img loading=\"lazy\" class=\"xz74otr\" src=\"https:\/\/static.xx.fbcdn.net\/images\/emoji.php\/v9\/tf0\/1\/16\/1f338.png\" alt=\"\ud83c\udf38\" width=\"16\" height=\"16\" \/><\/span><\/div>\n<\/div>\n<div class=\"x11i5rnm xat24cr x1mh8g0r x1vvkbs xtlvy1s x126k92a\">\n<div dir=\"auto\"><span class=\"x3nfvp2 x1j61x8r x1fcty0u xdj266r xhhsvwb xat24cr xgzva0m xxymvpz xlup9mm x1kky2od\"><img loading=\"lazy\" class=\"xz74otr\" src=\"https:\/\/static.xx.fbcdn.net\/images\/emoji.php\/v9\/tf0\/1\/16\/1f338.png\" alt=\"\ud83c\udf38\" width=\"16\" height=\"16\" \/><\/span>\u00a0Razstava bo postavljena vse do marca. <span class=\"x3nfvp2 x1j61x8r x1fcty0u xdj266r xhhsvwb xat24cr xgzva0m xxymvpz xlup9mm x1kky2od\"><img loading=\"lazy\" class=\"xz74otr\" src=\"https:\/\/static.xx.fbcdn.net\/images\/emoji.php\/v9\/tf0\/1\/16\/1f338.png\" alt=\"\ud83c\udf38\" width=\"16\" height=\"16\" \/><\/span><\/div>\n<div dir=\"auto\"><\/div>\n<div dir=\"auto\"><span class=\"x3nfvp2 x1j61x8r x1fcty0u xdj266r xhhsvwb xat24cr xgzva0m xxymvpz xlup9mm x1kky2od\"><img loading=\"lazy\" class=\"xz74otr\" src=\"https:\/\/static.xx.fbcdn.net\/images\/emoji.php\/v9\/tf0\/1\/16\/1f338.png\" alt=\"\ud83c\udf38\" width=\"16\" height=\"16\" \/><\/span>\u00a0 Vabljeni!\u00a0<span class=\"x3nfvp2 x1j61x8r x1fcty0u xdj266r xhhsvwb xat24cr xgzva0m xxymvpz xlup9mm x1kky2od\"><img loading=\"lazy\" class=\"xz74otr\" src=\"https:\/\/static.xx.fbcdn.net\/images\/emoji.php\/v9\/tf0\/1\/16\/1f338.png\" alt=\"\ud83c\udf38\" width=\"16\" height=\"16\" \/><\/span><\/div>\n<div dir=\"auto\"><\/div>\n<\/div>\n","protected":false},"excerpt":{"rendered":"\u00a0\u00a0V \u010detrtek, 25. 1. 2024 ob 17h vljudno vabljeni na otvoritev razstave Zale Hrastar z naslovom Vrti\u010dkanje, Prti\u010dkanje, ki bo v preddverju Cankarjevega doma v Ljubljani. \u00a0 \u00a0Na razstavnem panoju bo predstavljen umetni\u0161ki projekt, Zalino magistrsko delo, ki je nastalo leta 2023 pod mentorstvom\u00a0prof. Jenko Marije in mag. doc. Petje Zorec. Za magistrsko delo je &#8230; <a class=\"view-article\" href=\"https:\/\/www.ntf.uni-lj.si\/oto\/news\/razstava-vrtickanje-prtickanje\/\">Read more<\/a>","protected":false},"author":27,"featured_media":21444,"template":"","categories":[],"acf":[],"yoast_head":"<!-- This site is optimized with the Yoast SEO plugin v17.0 - https:\/\/yoast.com\/wordpress\/plugins\/seo\/ -->\n<meta name=\"robots\" content=\"index, follow, max-snippet:-1, max-image-preview:large, max-video-preview:-1\" \/>\n<link rel=\"canonical\" href=\"https:\/\/www.ntf.uni-lj.si\/oto\/news\/razstava-vrtickanje-prtickanje\/\" \/>\n<meta property=\"og:locale\" content=\"en_US\" \/>\n<meta property=\"og:type\" content=\"article\" \/>\n<meta property=\"og:title\" content=\"Razstava VRTI\u010cKANJE, PRTI\u010cKANJE - OTO\" \/>\n<meta property=\"og:description\" content=\"\u00a0\u00a0V \u010detrtek, 25. 1. 2024 ob 17h vljudno vabljeni na otvoritev razstave Zale Hrastar z naslovom Vrti\u010dkanje, Prti\u010dkanje, ki bo v preddverju Cankarjevega doma v Ljubljani. \u00a0 \u00a0Na razstavnem panoju bo predstavljen umetni\u0161ki projekt, Zalino magistrsko delo, ki je nastalo leta 2023 pod mentorstvom\u00a0prof. Jenko Marije in mag. doc. Petje Zorec. Za magistrsko delo je ... Read more\" \/>\n<meta property=\"og:url\" content=\"https:\/\/www.ntf.uni-lj.si\/oto\/news\/razstava-vrtickanje-prtickanje\/\" \/>\n<meta property=\"og:site_name\" content=\"OTO\" \/>\n<meta property=\"article:modified_time\" content=\"2024-01-23T08:53:32+00:00\" \/>\n<meta property=\"og:image\" content=\"https:\/\/www.ntf.uni-lj.si\/oto\/wp-content\/uploads\/sites\/6\/2024\/01\/Screenshot-2024-01-18-at-08.56.16.png\" \/>\n\t<meta property=\"og:image:width\" content=\"2376\" \/>\n\t<meta property=\"og:image:height\" content=\"1268\" \/>\n<script type=\"application\/ld+json\" class=\"yoast-schema-graph\">{\"@context\":\"https:\/\/schema.org\",\"@graph\":[{\"@type\":\"WebSite\",\"@id\":\"https:\/\/www.ntf.uni-lj.si\/oto\/en\/#website\",\"url\":\"https:\/\/www.ntf.uni-lj.si\/oto\/en\/\",\"name\":\"OTO\",\"description\":\"Katedra za oblikovanje tekstilij in obla\\u010dil\",\"potentialAction\":[{\"@type\":\"SearchAction\",\"target\":{\"@type\":\"EntryPoint\",\"urlTemplate\":\"https:\/\/www.ntf.uni-lj.si\/oto\/en\/?s={search_term_string}\"},\"query-input\":\"required name=search_term_string\"}],\"inLanguage\":\"en-US\"},{\"@type\":\"ImageObject\",\"@id\":\"https:\/\/www.ntf.uni-lj.si\/oto\/news\/razstava-vrtickanje-prtickanje\/#primaryimage\",\"inLanguage\":\"en-US\",\"url\":\"https:\/\/www.ntf.uni-lj.si\/oto\/wp-content\/uploads\/sites\/6\/2024\/01\/Screenshot-2024-01-18-at-08.56.16.png\",\"contentUrl\":\"https:\/\/www.ntf.uni-lj.si\/oto\/wp-content\/uploads\/sites\/6\/2024\/01\/Screenshot-2024-01-18-at-08.56.16.png\",\"width\":2376,\"height\":1268,\"caption\":\"Vabilo Zala Hrastar: \\\"Vrti\\u010dkanje, Prti\\u010dkanje\\\"\"},{\"@type\":\"WebPage\",\"@id\":\"https:\/\/www.ntf.uni-lj.si\/oto\/news\/razstava-vrtickanje-prtickanje\/#webpage\",\"url\":\"https:\/\/www.ntf.uni-lj.si\/oto\/news\/razstava-vrtickanje-prtickanje\/\",\"name\":\"Razstava VRTI\\u010cKANJE, PRTI\\u010cKANJE - OTO\",\"isPartOf\":{\"@id\":\"https:\/\/www.ntf.uni-lj.si\/oto\/en\/#website\"},\"primaryImageOfPage\":{\"@id\":\"https:\/\/www.ntf.uni-lj.si\/oto\/news\/razstava-vrtickanje-prtickanje\/#primaryimage\"},\"datePublished\":\"2024-01-23T08:40:24+00:00\",\"dateModified\":\"2024-01-23T08:53:32+00:00\",\"breadcrumb\":{\"@id\":\"https:\/\/www.ntf.uni-lj.si\/oto\/news\/razstava-vrtickanje-prtickanje\/#breadcrumb\"},\"inLanguage\":\"en-US\",\"potentialAction\":[{\"@type\":\"ReadAction\",\"target\":[\"https:\/\/www.ntf.uni-lj.si\/oto\/news\/razstava-vrtickanje-prtickanje\/\"]}]},{\"@type\":\"BreadcrumbList\",\"@id\":\"https:\/\/www.ntf.uni-lj.si\/oto\/news\/razstava-vrtickanje-prtickanje\/#breadcrumb\",\"itemListElement\":[{\"@type\":\"ListItem\",\"position\":1,\"name\":\"Home\",\"item\":\"https:\/\/www.ntf.uni-lj.si\/oto\/en\/\"},{\"@type\":\"ListItem\",\"position\":2,\"name\":\"Novice\",\"item\":\"https:\/\/www.ntf.uni-lj.si\/oto\/news\/\"},{\"@type\":\"ListItem\",\"position\":3,\"name\":\"Razstava VRTI\\u010cKANJE, PRTI\\u010cKANJE\"}]}]}<\/script>\n<!-- \/ Yoast SEO plugin. -->","yoast_head_json":{"robots":{"index":"index","follow":"follow","max-snippet":"max-snippet:-1","max-image-preview":"max-image-preview:large","max-video-preview":"max-video-preview:-1"},"canonical":"https:\/\/www.ntf.uni-lj.si\/oto\/news\/razstava-vrtickanje-prtickanje\/","og_locale":"en_US","og_type":"article","og_title":"Razstava VRTI\u010cKANJE, PRTI\u010cKANJE - OTO","og_description":"\u00a0\u00a0V \u010detrtek, 25. 1. 2024 ob 17h vljudno vabljeni na otvoritev razstave Zale Hrastar z naslovom Vrti\u010dkanje, Prti\u010dkanje, ki bo v preddverju Cankarjevega doma v Ljubljani. \u00a0 \u00a0Na razstavnem panoju bo predstavljen umetni\u0161ki projekt, Zalino magistrsko delo, ki je nastalo leta 2023 pod mentorstvom\u00a0prof. Jenko Marije in mag. doc. Petje Zorec. Za magistrsko delo je ... Read more","og_url":"https:\/\/www.ntf.uni-lj.si\/oto\/news\/razstava-vrtickanje-prtickanje\/","og_site_name":"OTO","article_modified_time":"2024-01-23T08:53:32+00:00","og_image":[{"width":2376,"height":1268,"url":"https:\/\/www.ntf.uni-lj.si\/oto\/wp-content\/uploads\/sites\/6\/2024\/01\/Screenshot-2024-01-18-at-08.56.16.png","path":"\/web\/html\/ntf\/public_html\/wp-content\/uploads\/sites\/6\/2024\/01\/Screenshot-2024-01-18-at-08.56.16.png","size":"full","id":21444,"alt":"Vabilo Zala Hrastar: \"Vrti\u010dkanje, Prti\u010dkanje\"","pixels":3012768,"type":"image\/png"}],"schema":{"@context":"https:\/\/schema.org","@graph":[{"@type":"WebSite","@id":"https:\/\/www.ntf.uni-lj.si\/oto\/en\/#website","url":"https:\/\/www.ntf.uni-lj.si\/oto\/en\/","name":"OTO","description":"Katedra za oblikovanje tekstilij in obla\u010dil","potentialAction":[{"@type":"SearchAction","target":{"@type":"EntryPoint","urlTemplate":"https:\/\/www.ntf.uni-lj.si\/oto\/en\/?s={search_term_string}"},"query-input":"required name=search_term_string"}],"inLanguage":"en-US"},{"@type":"ImageObject","@id":"https:\/\/www.ntf.uni-lj.si\/oto\/news\/razstava-vrtickanje-prtickanje\/#primaryimage","inLanguage":"en-US","url":"https:\/\/www.ntf.uni-lj.si\/oto\/wp-content\/uploads\/sites\/6\/2024\/01\/Screenshot-2024-01-18-at-08.56.16.png","contentUrl":"https:\/\/www.ntf.uni-lj.si\/oto\/wp-content\/uploads\/sites\/6\/2024\/01\/Screenshot-2024-01-18-at-08.56.16.png","width":2376,"height":1268,"caption":"Vabilo Zala Hrastar: \"Vrti\u010dkanje, Prti\u010dkanje\""},{"@type":"WebPage","@id":"https:\/\/www.ntf.uni-lj.si\/oto\/news\/razstava-vrtickanje-prtickanje\/#webpage","url":"https:\/\/www.ntf.uni-lj.si\/oto\/news\/razstava-vrtickanje-prtickanje\/","name":"Razstava VRTI\u010cKANJE, PRTI\u010cKANJE - OTO","isPartOf":{"@id":"https:\/\/www.ntf.uni-lj.si\/oto\/en\/#website"},"primaryImageOfPage":{"@id":"https:\/\/www.ntf.uni-lj.si\/oto\/news\/razstava-vrtickanje-prtickanje\/#primaryimage"},"datePublished":"2024-01-23T08:40:24+00:00","dateModified":"2024-01-23T08:53:32+00:00","breadcrumb":{"@id":"https:\/\/www.ntf.uni-lj.si\/oto\/news\/razstava-vrtickanje-prtickanje\/#breadcrumb"},"inLanguage":"en-US","potentialAction":[{"@type":"ReadAction","target":["https:\/\/www.ntf.uni-lj.si\/oto\/news\/razstava-vrtickanje-prtickanje\/"]}]},{"@type":"BreadcrumbList","@id":"https:\/\/www.ntf.uni-lj.si\/oto\/news\/razstava-vrtickanje-prtickanje\/#breadcrumb","itemListElement":[{"@type":"ListItem","position":1,"name":"Home","item":"https:\/\/www.ntf.uni-lj.si\/oto\/en\/"},{"@type":"ListItem","position":2,"name":"Novice","item":"https:\/\/www.ntf.uni-lj.si\/oto\/news\/"},{"@type":"ListItem","position":3,"name":"Razstava VRTI\u010cKANJE, PRTI\u010cKANJE"}]}]}},"_links":{"self":[{"href":"https:\/\/www.ntf.uni-lj.si\/oto\/wp-json\/wp\/v2\/news\/21443"}],"collection":[{"href":"https:\/\/www.ntf.uni-lj.si\/oto\/wp-json\/wp\/v2\/news"}],"about":[{"href":"https:\/\/www.ntf.uni-lj.si\/oto\/wp-json\/wp\/v2\/types\/news"}],"author":[{"embeddable":true,"href":"https:\/\/www.ntf.uni-lj.si\/oto\/wp-json\/wp\/v2\/users\/27"}],"version-history":[{"count":7,"href":"https:\/\/www.ntf.uni-lj.si\/oto\/wp-json\/wp\/v2\/news\/21443\/revisions"}],"predecessor-version":[{"id":21451,"href":"https:\/\/www.ntf.uni-lj.si\/oto\/wp-json\/wp\/v2\/news\/21443\/revisions\/21451"}],"wp:featuredmedia":[{"embeddable":true,"href":"https:\/\/www.ntf.uni-lj.si\/oto\/wp-json\/wp\/v2\/media\/21444"}],"wp:attachment":[{"href":"https:\/\/www.ntf.uni-lj.si\/oto\/wp-json\/wp\/v2\/media?parent=21443"}],"wp:term":[{"taxonomy":"category","embeddable":true,"href":"https:\/\/www.ntf.uni-lj.si\/oto\/wp-json\/wp\/v2\/categories?post=21443"}],"curies":[{"name":"wp","href":"https:\/\/api.w.org\/{rel}","templated":true}]}}