{"id":23360,"date":"2024-11-11T12:25:52","date_gmt":"2024-11-11T11:25:52","guid":{"rendered":"https:\/\/www.ntf.uni-lj.si\/oto\/?post_type=news&#038;p=23360"},"modified":"2024-11-18T13:37:12","modified_gmt":"2024-11-18T12:37:12","slug":"zrcaljenje-celote-v-mitnici","status":"publish","type":"news","link":"https:\/\/www.ntf.uni-lj.si\/oto\/news\/zrcaljenje-celote-v-mitnici\/","title":{"rendered":"ZRCALJENJE CELOTE V MITNICI"},"content":{"rendered":"<p style=\"text-align: center\"><span style=\"color: #000000\"><strong>Vljudno vabljeni na odprtje razstave ZRCALJENJE CELOTE, ki je odraz povezovanja znanosti in umetnosti med <a style=\"color: #000000\" href=\"https:\/\/www.zag.si\">Zavodom za gradbeni\u0161tvo Slovenije<\/a> in <a style=\"color: #000000\" href=\"https:\/\/www.ntf.uni-lj.si\/ntf\/\">Naravoslovnotehni\u0161ko fakulteto Univerze v Ljubljani<\/a> ter lokalnimi skupnostmi. <\/strong><\/span><\/p>\n<p style=\"text-align: center\"><strong>V \u010detrtek, 14. novembra 2024 ob 16:30 uri pri Uli\u010dni galeriji Mitnica, Sne\u017eni\u0161ka 5, Ljubljana.<\/strong><\/p>\n<p style=\"text-align: center\"><strong>Avtorji razstave: dr. Lidija Korat, dr. Rok Vezo\u010dnik, doc. dr. Sabina Dolenec, dr. Mateja Gole\u017e, prof. Marija Jenko<\/strong><\/p>\n<p style=\"text-align: center\"><strong>Posebna zahvala: dr. Darja Rant, Janko Rozi\u010d, Bla\u017e Zarnik, dr. Vesna Zalar Serjun, dr. Dragica Marini\u010d, Domen Pucko<\/strong><\/p>\n<p style=\"font-weight: 400;text-align: center\">S sodobnimi <strong>3D tehnologijami za zajem prostorskih podatkov<\/strong>, ki jih in\u0161titut <strong>ZAG<\/strong> uvaja v raziskovalne procese, se zbirajo podatki, ki se po analizi zrcalijo v svojih sestavnih delih kot celota. Pa naj gre to za mikrotomografske podatke notranjih struktur materialov ali lidar podatke podzemnih rudni\u0161kih struktur. V obeh primerih vstopamo v notranje strukture, pri \u010demer odkrivamo neznane svetove.<\/p>\n<p style=\"font-weight: 400;text-align: center\">Izjemno je, da lahko svoja odkritja interpretiramo z umetnostjo in tako med drugim prispevamo k <strong>iniciativi New European Bauhaus<\/strong>, ki si prizadeva za preoblikovanje dru\u017ebe na trajnosten na\u010din z vrednotami, kot so nagnjenost do lepote, prijaznost do okolja in enake mo\u017enosti.<\/p>\n<p style=\"font-weight: 400;text-align: center\">ZAG deluje v grajenem okolju, zato s svojim poslanstvom in vizijo razvija programe, kot so materiali z organskimi dodatki, reciklirani materiali\u00a0 in <strong>nizkooglji\u010dni \u00a0materiali <u><strong>z<\/strong>a predo\u010danje naravnih struktur, muzejskih vzorcev<\/u> in tudi v umetnosti<\/strong> ter s programi, ki so naravnani na o\u017eivljanje degradiranih prostorov.<\/p>\n<p style=\"font-weight: 400;text-align: center\">Zlasti kadar delujemo v degradiranih okoljih moramo <strong>povezati raziskovalno in ustvarjalno raven<\/strong> ter na projektni in izvedbeni ravni delovati celoto.\u00a0 Zato \u017eelimo z razstavo \u00a0zaobjeti celoto, ki nikoli ni povsem razvidna, je pa za razumevanje znanstveni in umetni\u0161kih vsebin klju\u010dna, kajti v \u017eivljenju samo stik s celoto celi.<\/p>\n","protected":false},"excerpt":{"rendered":"Vljudno vabljeni na odprtje razstave ZRCALJENJE CELOTE, ki je odraz povezovanja znanosti in umetnosti med Zavodom za gradbeni\u0161tvo Slovenije in Naravoslovnotehni\u0161ko fakulteto Univerze v Ljubljani ter lokalnimi skupnostmi. V \u010detrtek, 14. novembra 2024 ob 16:30 uri pri Uli\u010dni galeriji Mitnica, Sne\u017eni\u0161ka 5, Ljubljana. Avtorji razstave: dr. Lidija Korat, dr. Rok Vezo\u010dnik, doc. dr. Sabina Dolenec, &#8230; <a class=\"view-article\" href=\"https:\/\/www.ntf.uni-lj.si\/oto\/news\/zrcaljenje-celote-v-mitnici\/\">Read more<\/a>","protected":false},"author":27,"featured_media":23363,"template":"","categories":[],"acf":[],"yoast_head":"<!-- This site is optimized with the Yoast SEO plugin v17.0 - https:\/\/yoast.com\/wordpress\/plugins\/seo\/ -->\n<meta name=\"robots\" content=\"index, follow, max-snippet:-1, max-image-preview:large, max-video-preview:-1\" \/>\n<link rel=\"canonical\" href=\"https:\/\/www.ntf.uni-lj.si\/oto\/news\/zrcaljenje-celote-v-mitnici\/\" \/>\n<meta property=\"og:locale\" content=\"en_US\" \/>\n<meta property=\"og:type\" content=\"article\" \/>\n<meta property=\"og:title\" content=\"ZRCALJENJE CELOTE V MITNICI - OTO\" \/>\n<meta property=\"og:description\" content=\"Vljudno vabljeni na odprtje razstave ZRCALJENJE CELOTE, ki je odraz povezovanja znanosti in umetnosti med Zavodom za gradbeni\u0161tvo Slovenije in Naravoslovnotehni\u0161ko fakulteto Univerze v Ljubljani ter lokalnimi skupnostmi. V \u010detrtek, 14. novembra 2024 ob 16:30 uri pri Uli\u010dni galeriji Mitnica, Sne\u017eni\u0161ka 5, Ljubljana. Avtorji razstave: dr. Lidija Korat, dr. Rok Vezo\u010dnik, doc. dr. Sabina Dolenec, ... Read more\" \/>\n<meta property=\"og:url\" content=\"https:\/\/www.ntf.uni-lj.si\/oto\/news\/zrcaljenje-celote-v-mitnici\/\" \/>\n<meta property=\"og:site_name\" content=\"OTO\" \/>\n<meta property=\"article:modified_time\" content=\"2024-11-18T12:37:12+00:00\" \/>\n<meta property=\"og:image\" content=\"https:\/\/www.ntf.uni-lj.si\/oto\/wp-content\/uploads\/sites\/6\/2024\/11\/VABILO-slo_l-scaled.jpg\" \/>\n\t<meta property=\"og:image:width\" content=\"1828\" \/>\n\t<meta property=\"og:image:height\" content=\"2560\" \/>\n<meta name=\"twitter:label1\" content=\"Est. reading time\" \/>\n\t<meta name=\"twitter:data1\" content=\"2 minutes\" \/>\n<script type=\"application\/ld+json\" class=\"yoast-schema-graph\">{\"@context\":\"https:\/\/schema.org\",\"@graph\":[{\"@type\":\"WebSite\",\"@id\":\"https:\/\/www.ntf.uni-lj.si\/oto\/en\/#website\",\"url\":\"https:\/\/www.ntf.uni-lj.si\/oto\/en\/\",\"name\":\"OTO\",\"description\":\"Katedra za oblikovanje tekstilij in obla\\u010dil\",\"potentialAction\":[{\"@type\":\"SearchAction\",\"target\":{\"@type\":\"EntryPoint\",\"urlTemplate\":\"https:\/\/www.ntf.uni-lj.si\/oto\/en\/?s={search_term_string}\"},\"query-input\":\"required name=search_term_string\"}],\"inLanguage\":\"en-US\"},{\"@type\":\"ImageObject\",\"@id\":\"https:\/\/www.ntf.uni-lj.si\/oto\/news\/zrcaljenje-celote-v-mitnici\/#primaryimage\",\"inLanguage\":\"en-US\",\"url\":\"https:\/\/www.ntf.uni-lj.si\/oto\/wp-content\/uploads\/sites\/6\/2024\/11\/VABILO-slo_l-scaled.jpg\",\"contentUrl\":\"https:\/\/www.ntf.uni-lj.si\/oto\/wp-content\/uploads\/sites\/6\/2024\/11\/VABILO-slo_l-scaled.jpg\",\"width\":1828,\"height\":2560,\"caption\":\"Vabilo ZRCALJENJE CELOTE v Mitnici\"},{\"@type\":\"WebPage\",\"@id\":\"https:\/\/www.ntf.uni-lj.si\/oto\/news\/zrcaljenje-celote-v-mitnici\/#webpage\",\"url\":\"https:\/\/www.ntf.uni-lj.si\/oto\/news\/zrcaljenje-celote-v-mitnici\/\",\"name\":\"ZRCALJENJE CELOTE V MITNICI - OTO\",\"isPartOf\":{\"@id\":\"https:\/\/www.ntf.uni-lj.si\/oto\/en\/#website\"},\"primaryImageOfPage\":{\"@id\":\"https:\/\/www.ntf.uni-lj.si\/oto\/news\/zrcaljenje-celote-v-mitnici\/#primaryimage\"},\"datePublished\":\"2024-11-11T11:25:52+00:00\",\"dateModified\":\"2024-11-18T12:37:12+00:00\",\"breadcrumb\":{\"@id\":\"https:\/\/www.ntf.uni-lj.si\/oto\/news\/zrcaljenje-celote-v-mitnici\/#breadcrumb\"},\"inLanguage\":\"en-US\",\"potentialAction\":[{\"@type\":\"ReadAction\",\"target\":[\"https:\/\/www.ntf.uni-lj.si\/oto\/news\/zrcaljenje-celote-v-mitnici\/\"]}]},{\"@type\":\"BreadcrumbList\",\"@id\":\"https:\/\/www.ntf.uni-lj.si\/oto\/news\/zrcaljenje-celote-v-mitnici\/#breadcrumb\",\"itemListElement\":[{\"@type\":\"ListItem\",\"position\":1,\"name\":\"Home\",\"item\":\"https:\/\/www.ntf.uni-lj.si\/oto\/en\/\"},{\"@type\":\"ListItem\",\"position\":2,\"name\":\"Novice\",\"item\":\"https:\/\/www.ntf.uni-lj.si\/oto\/news\/\"},{\"@type\":\"ListItem\",\"position\":3,\"name\":\"ZRCALJENJE CELOTE V MITNICI\"}]}]}<\/script>\n<!-- \/ Yoast SEO plugin. -->","yoast_head_json":{"robots":{"index":"index","follow":"follow","max-snippet":"max-snippet:-1","max-image-preview":"max-image-preview:large","max-video-preview":"max-video-preview:-1"},"canonical":"https:\/\/www.ntf.uni-lj.si\/oto\/news\/zrcaljenje-celote-v-mitnici\/","og_locale":"en_US","og_type":"article","og_title":"ZRCALJENJE CELOTE V MITNICI - OTO","og_description":"Vljudno vabljeni na odprtje razstave ZRCALJENJE CELOTE, ki je odraz povezovanja znanosti in umetnosti med Zavodom za gradbeni\u0161tvo Slovenije in Naravoslovnotehni\u0161ko fakulteto Univerze v Ljubljani ter lokalnimi skupnostmi. V \u010detrtek, 14. novembra 2024 ob 16:30 uri pri Uli\u010dni galeriji Mitnica, Sne\u017eni\u0161ka 5, Ljubljana. Avtorji razstave: dr. Lidija Korat, dr. Rok Vezo\u010dnik, doc. dr. Sabina Dolenec, ... Read more","og_url":"https:\/\/www.ntf.uni-lj.si\/oto\/news\/zrcaljenje-celote-v-mitnici\/","og_site_name":"OTO","article_modified_time":"2024-11-18T12:37:12+00:00","og_image":[{"width":1828,"height":2560,"url":"https:\/\/www.ntf.uni-lj.si\/oto\/wp-content\/uploads\/sites\/6\/2024\/11\/VABILO-slo_l-scaled.jpg","path":"\/web\/html\/ntf\/public_html\/wp-content\/uploads\/sites\/6\/2024\/11\/VABILO-slo_l-scaled.jpg","size":"full","id":23363,"alt":"Vabilo ZRCALJENJE CELOTE v Mitnici","pixels":4679680,"type":"image\/jpeg"}],"twitter_misc":{"Est. reading time":"2 minutes"},"schema":{"@context":"https:\/\/schema.org","@graph":[{"@type":"WebSite","@id":"https:\/\/www.ntf.uni-lj.si\/oto\/en\/#website","url":"https:\/\/www.ntf.uni-lj.si\/oto\/en\/","name":"OTO","description":"Katedra za oblikovanje tekstilij in obla\u010dil","potentialAction":[{"@type":"SearchAction","target":{"@type":"EntryPoint","urlTemplate":"https:\/\/www.ntf.uni-lj.si\/oto\/en\/?s={search_term_string}"},"query-input":"required name=search_term_string"}],"inLanguage":"en-US"},{"@type":"ImageObject","@id":"https:\/\/www.ntf.uni-lj.si\/oto\/news\/zrcaljenje-celote-v-mitnici\/#primaryimage","inLanguage":"en-US","url":"https:\/\/www.ntf.uni-lj.si\/oto\/wp-content\/uploads\/sites\/6\/2024\/11\/VABILO-slo_l-scaled.jpg","contentUrl":"https:\/\/www.ntf.uni-lj.si\/oto\/wp-content\/uploads\/sites\/6\/2024\/11\/VABILO-slo_l-scaled.jpg","width":1828,"height":2560,"caption":"Vabilo ZRCALJENJE CELOTE v Mitnici"},{"@type":"WebPage","@id":"https:\/\/www.ntf.uni-lj.si\/oto\/news\/zrcaljenje-celote-v-mitnici\/#webpage","url":"https:\/\/www.ntf.uni-lj.si\/oto\/news\/zrcaljenje-celote-v-mitnici\/","name":"ZRCALJENJE CELOTE V MITNICI - OTO","isPartOf":{"@id":"https:\/\/www.ntf.uni-lj.si\/oto\/en\/#website"},"primaryImageOfPage":{"@id":"https:\/\/www.ntf.uni-lj.si\/oto\/news\/zrcaljenje-celote-v-mitnici\/#primaryimage"},"datePublished":"2024-11-11T11:25:52+00:00","dateModified":"2024-11-18T12:37:12+00:00","breadcrumb":{"@id":"https:\/\/www.ntf.uni-lj.si\/oto\/news\/zrcaljenje-celote-v-mitnici\/#breadcrumb"},"inLanguage":"en-US","potentialAction":[{"@type":"ReadAction","target":["https:\/\/www.ntf.uni-lj.si\/oto\/news\/zrcaljenje-celote-v-mitnici\/"]}]},{"@type":"BreadcrumbList","@id":"https:\/\/www.ntf.uni-lj.si\/oto\/news\/zrcaljenje-celote-v-mitnici\/#breadcrumb","itemListElement":[{"@type":"ListItem","position":1,"name":"Home","item":"https:\/\/www.ntf.uni-lj.si\/oto\/en\/"},{"@type":"ListItem","position":2,"name":"Novice","item":"https:\/\/www.ntf.uni-lj.si\/oto\/news\/"},{"@type":"ListItem","position":3,"name":"ZRCALJENJE CELOTE V MITNICI"}]}]}},"_links":{"self":[{"href":"https:\/\/www.ntf.uni-lj.si\/oto\/wp-json\/wp\/v2\/news\/23360"}],"collection":[{"href":"https:\/\/www.ntf.uni-lj.si\/oto\/wp-json\/wp\/v2\/news"}],"about":[{"href":"https:\/\/www.ntf.uni-lj.si\/oto\/wp-json\/wp\/v2\/types\/news"}],"author":[{"embeddable":true,"href":"https:\/\/www.ntf.uni-lj.si\/oto\/wp-json\/wp\/v2\/users\/27"}],"version-history":[{"count":11,"href":"https:\/\/www.ntf.uni-lj.si\/oto\/wp-json\/wp\/v2\/news\/23360\/revisions"}],"predecessor-version":[{"id":23384,"href":"https:\/\/www.ntf.uni-lj.si\/oto\/wp-json\/wp\/v2\/news\/23360\/revisions\/23384"}],"wp:featuredmedia":[{"embeddable":true,"href":"https:\/\/www.ntf.uni-lj.si\/oto\/wp-json\/wp\/v2\/media\/23363"}],"wp:attachment":[{"href":"https:\/\/www.ntf.uni-lj.si\/oto\/wp-json\/wp\/v2\/media?parent=23360"}],"wp:term":[{"taxonomy":"category","embeddable":true,"href":"https:\/\/www.ntf.uni-lj.si\/oto\/wp-json\/wp\/v2\/categories?post=23360"}],"curies":[{"name":"wp","href":"https:\/\/api.w.org\/{rel}","templated":true}]}}