{"id":23528,"date":"2025-02-24T21:12:05","date_gmt":"2025-02-24T20:12:05","guid":{"rendered":"https:\/\/www.ntf.uni-lj.si\/oto\/?post_type=news&#038;p=23528"},"modified":"2025-02-24T21:48:57","modified_gmt":"2025-02-24T20:48:57","slug":"nova-evropska-svila","status":"publish","type":"news","link":"https:\/\/www.ntf.uni-lj.si\/oto\/news\/nova-evropska-svila\/","title":{"rendered":"NOVA EVROPSKA SVILA (NES)"},"content":{"rendered":"<p style=\"font-weight: 400\"><strong><a href=\"https:\/\/www.ntf.uni-lj.si\">Naravoslovnotehni\u0161ka fakulteta<\/a> je skupaj z <a href=\"https:\/\/www.vf.uni-lj.si\">Veterinarsko<\/a>, <a href=\"https:\/\/www.bf.uni-lj.si\">Biotehni\u0161ko<\/a> in <a href=\"https:\/\/www.ff.uni-lj.si\/fakulteta\">Filozofsko fakulteto<\/a>, <a href=\"https:\/\/www.fs.uni-lj.si\">Fakulteto za strojni\u0161tvo<\/a> ter <a href=\"https:\/\/www.aluo.uni-lj.si\">Akademijo za likovno umetnost in oblikovanje<\/a> na razpisu <a href=\"https:\/\/www.uni-lj.si\">Univerze v Ljubljani<\/a> v zadnji \u010detrtini leta 2024 uspe\u0161no pridobila veliki interdisciplinarni projekt Nova evropska svila (NES). Razli\u010dne stroke nameravajo skupaj v duhu novega evropskega Bauhausa trajnostno, vklju\u010dujo\u010de in ekolo\u0161ko vzpostaviti bolj\u0161e in pravi\u010dnej\u0161e razmere za razvoj svilogojstva in svilarstva v Sloveniji in posredno v Evropi. Pri tem s sodobnimi pristopi v oblikovanju uporabnih izdelkov in umetni\u0161kih praks izhajajo tudi iz lokalnih tradicij.<\/strong><\/p>\n<p style=\"font-weight: 400\">Projektna skupina tekstilnih tekstilnih tehnologov in oblikovalcev na UL NTF raziskuje razli\u010dne na\u010dine pridobivanja svile. Ob \u017ee uveljavljenem odvijanju svilenih niti s kokonov svojo pozornost namenjajo tudi drugim, manj znanim postopkom, ki so v eti\u010dnem pogledu bolj napredni. Najprimernej\u0161e je ploskovito zapredanje, kjer gosenice sviloprejk prepustimo njihovemu naravnemu gibanju, s katerim ustvarijo uporabno tekstilno kopreno, nato pa imajo \u0161e toliko mo\u010di, da \u0161e same sebe odenejo v kokon, v katerem se zabubijo in preobrazijo v metulje. Ostanejo le prazni kokoni, ki po degumiranju postanejo dragocena surovina za predivne svilene preje, tudi uporabne za razli\u010dne namene.<\/p>\n<p style=\"font-weight: 400\">\u017de takoj na za\u010detku projekta NES, v oktobru 2014, smo v tekstilnici na UL NTF izvedli prvi poskus s ploskovitim zapredanjem gosenic sviloprejk \u2013 umetni\u0161ki performans z biomaterijo. Svilena koprena, ki jo gosenice virtuozno ustvarjajo, je izjemno tanka in neenakomerna, komaj vidna v za\u010detnem stadiju. Za u\u010dvrstitev potrebuje podporno mre\u017eo svilenih niti, s katerimi smo predhodno obrasli skeleta dveh razli\u010dnih abstraktnih teles. Ve\u010d tednov smo gosenice hranili z murvinimi listi, da so se okrepile in dozorele. Za\u010dele so dvigovati \u010drne glavice kot ponosni kavalirji. Ugotovili smo, da z dvigovanjem in nagibanjem glavic v stran pravzaprav me\u010dejo nevidne svilene nitke sem ter tja v obliki osmice. Te gibe bi lahko primerjali s 3-D tiskalnikom. Ko smo godne gosenice prestavili na pripravljena skeleta, so gosenice za\u010dele svoj ples, nepri\u010dakovan in neverjeten. Ve\u010d dni in no\u010di so neutrudno zapredale ploskovita oboda obeh votlih prostorskih tvorb, dokler niso s svilo skoraj v celoti prekrile njunih nosilnih ogrodij. <strong>Abstraktni svileni skulpturi bosta \u0161ir\u0161i javnosti prvi\u010d predstavljeni v Solkanu, zibelki slovenskega svilogojstva, junija 2025 v okviru <a href=\"https:\/\/layer.si\/bien\/\">mednarodnega tekstilnega bienala BIEN<\/a>, kot del prireditev <a href=\"https:\/\/www.go2025.eu\/sl\">Evropske prestolnice kulture na Gori\u0161kem<\/a>.<\/strong><\/p>\n","protected":false},"excerpt":{"rendered":"Naravoslovnotehni\u0161ka fakulteta je skupaj z Veterinarsko, Biotehni\u0161ko in Filozofsko fakulteto, Fakulteto za strojni\u0161tvo ter Akademijo za likovno umetnost in oblikovanje na razpisu Univerze v Ljubljani v zadnji \u010detrtini leta 2024 uspe\u0161no pridobila veliki interdisciplinarni projekt Nova evropska svila (NES). Razli\u010dne stroke nameravajo skupaj v duhu novega evropskega Bauhausa trajnostno, vklju\u010dujo\u010de in ekolo\u0161ko vzpostaviti bolj\u0161e in &#8230; <a class=\"view-article\" href=\"https:\/\/www.ntf.uni-lj.si\/oto\/news\/nova-evropska-svila\/\">Read more<\/a>","protected":false},"author":27,"featured_media":23536,"template":"","categories":[],"acf":[],"yoast_head":"<!-- This site is optimized with the Yoast SEO plugin v17.0 - https:\/\/yoast.com\/wordpress\/plugins\/seo\/ -->\n<meta name=\"robots\" content=\"index, follow, max-snippet:-1, max-image-preview:large, max-video-preview:-1\" \/>\n<link rel=\"canonical\" href=\"https:\/\/www.ntf.uni-lj.si\/oto\/news\/nova-evropska-svila\/\" \/>\n<meta property=\"og:locale\" content=\"en_US\" \/>\n<meta property=\"og:type\" content=\"article\" \/>\n<meta property=\"og:title\" content=\"NOVA EVROPSKA SVILA (NES) - OTO\" \/>\n<meta property=\"og:description\" content=\"Naravoslovnotehni\u0161ka fakulteta je skupaj z Veterinarsko, Biotehni\u0161ko in Filozofsko fakulteto, Fakulteto za strojni\u0161tvo ter Akademijo za likovno umetnost in oblikovanje na razpisu Univerze v Ljubljani v zadnji \u010detrtini leta 2024 uspe\u0161no pridobila veliki interdisciplinarni projekt Nova evropska svila (NES). Razli\u010dne stroke nameravajo skupaj v duhu novega evropskega Bauhausa trajnostno, vklju\u010dujo\u010de in ekolo\u0161ko vzpostaviti bolj\u0161e in ... Read more\" \/>\n<meta property=\"og:url\" content=\"https:\/\/www.ntf.uni-lj.si\/oto\/news\/nova-evropska-svila\/\" \/>\n<meta property=\"og:site_name\" content=\"OTO\" \/>\n<meta property=\"article:modified_time\" content=\"2025-02-24T20:48:57+00:00\" \/>\n<meta property=\"og:image\" content=\"https:\/\/www.ntf.uni-lj.si\/oto\/wp-content\/uploads\/sites\/6\/2025\/02\/Job_1778-2-II_web-scaled.jpg\" \/>\n\t<meta property=\"og:image:width\" content=\"1919\" \/>\n\t<meta property=\"og:image:height\" content=\"2560\" \/>\n<meta name=\"twitter:label1\" content=\"Est. reading time\" \/>\n\t<meta name=\"twitter:data1\" content=\"2 minutes\" \/>\n<script type=\"application\/ld+json\" class=\"yoast-schema-graph\">{\"@context\":\"https:\/\/schema.org\",\"@graph\":[{\"@type\":\"WebSite\",\"@id\":\"https:\/\/www.ntf.uni-lj.si\/oto\/en\/#website\",\"url\":\"https:\/\/www.ntf.uni-lj.si\/oto\/en\/\",\"name\":\"OTO\",\"description\":\"Katedra za oblikovanje tekstilij in obla\\u010dil\",\"potentialAction\":[{\"@type\":\"SearchAction\",\"target\":{\"@type\":\"EntryPoint\",\"urlTemplate\":\"https:\/\/www.ntf.uni-lj.si\/oto\/en\/?s={search_term_string}\"},\"query-input\":\"required name=search_term_string\"}],\"inLanguage\":\"en-US\"},{\"@type\":\"ImageObject\",\"@id\":\"https:\/\/www.ntf.uni-lj.si\/oto\/news\/nova-evropska-svila\/#primaryimage\",\"inLanguage\":\"en-US\",\"url\":\"https:\/\/www.ntf.uni-lj.si\/oto\/wp-content\/uploads\/sites\/6\/2025\/02\/Job_1778-2-II_web-scaled.jpg\",\"contentUrl\":\"https:\/\/www.ntf.uni-lj.si\/oto\/wp-content\/uploads\/sites\/6\/2025\/02\/Job_1778-2-II_web-scaled.jpg\",\"width\":1919,\"height\":2560,\"caption\":\"Nova evropska svila-NES, foto: Dmjan \\u0160varc\"},{\"@type\":\"WebPage\",\"@id\":\"https:\/\/www.ntf.uni-lj.si\/oto\/news\/nova-evropska-svila\/#webpage\",\"url\":\"https:\/\/www.ntf.uni-lj.si\/oto\/news\/nova-evropska-svila\/\",\"name\":\"NOVA EVROPSKA SVILA (NES) - OTO\",\"isPartOf\":{\"@id\":\"https:\/\/www.ntf.uni-lj.si\/oto\/en\/#website\"},\"primaryImageOfPage\":{\"@id\":\"https:\/\/www.ntf.uni-lj.si\/oto\/news\/nova-evropska-svila\/#primaryimage\"},\"datePublished\":\"2025-02-24T20:12:05+00:00\",\"dateModified\":\"2025-02-24T20:48:57+00:00\",\"breadcrumb\":{\"@id\":\"https:\/\/www.ntf.uni-lj.si\/oto\/news\/nova-evropska-svila\/#breadcrumb\"},\"inLanguage\":\"en-US\",\"potentialAction\":[{\"@type\":\"ReadAction\",\"target\":[\"https:\/\/www.ntf.uni-lj.si\/oto\/news\/nova-evropska-svila\/\"]}]},{\"@type\":\"BreadcrumbList\",\"@id\":\"https:\/\/www.ntf.uni-lj.si\/oto\/news\/nova-evropska-svila\/#breadcrumb\",\"itemListElement\":[{\"@type\":\"ListItem\",\"position\":1,\"name\":\"Home\",\"item\":\"https:\/\/www.ntf.uni-lj.si\/oto\/en\/\"},{\"@type\":\"ListItem\",\"position\":2,\"name\":\"Novice\",\"item\":\"https:\/\/www.ntf.uni-lj.si\/oto\/news\/\"},{\"@type\":\"ListItem\",\"position\":3,\"name\":\"NOVA EVROPSKA SVILA (NES)\"}]}]}<\/script>\n<!-- \/ Yoast SEO plugin. -->","yoast_head_json":{"robots":{"index":"index","follow":"follow","max-snippet":"max-snippet:-1","max-image-preview":"max-image-preview:large","max-video-preview":"max-video-preview:-1"},"canonical":"https:\/\/www.ntf.uni-lj.si\/oto\/news\/nova-evropska-svila\/","og_locale":"en_US","og_type":"article","og_title":"NOVA EVROPSKA SVILA (NES) - OTO","og_description":"Naravoslovnotehni\u0161ka fakulteta je skupaj z Veterinarsko, Biotehni\u0161ko in Filozofsko fakulteto, Fakulteto za strojni\u0161tvo ter Akademijo za likovno umetnost in oblikovanje na razpisu Univerze v Ljubljani v zadnji \u010detrtini leta 2024 uspe\u0161no pridobila veliki interdisciplinarni projekt Nova evropska svila (NES). Razli\u010dne stroke nameravajo skupaj v duhu novega evropskega Bauhausa trajnostno, vklju\u010dujo\u010de in ekolo\u0161ko vzpostaviti bolj\u0161e in ... Read more","og_url":"https:\/\/www.ntf.uni-lj.si\/oto\/news\/nova-evropska-svila\/","og_site_name":"OTO","article_modified_time":"2025-02-24T20:48:57+00:00","og_image":[{"width":1919,"height":2560,"url":"https:\/\/www.ntf.uni-lj.si\/oto\/wp-content\/uploads\/sites\/6\/2025\/02\/Job_1778-2-II_web-scaled.jpg","path":"\/web\/html\/ntf\/public_html\/wp-content\/uploads\/sites\/6\/2025\/02\/Job_1778-2-II_web-scaled.jpg","size":"full","id":23536,"alt":"Nova evropska svila-NES, foto: Dmjan \u0160varc","pixels":4912640,"type":"image\/jpeg"}],"twitter_misc":{"Est. reading time":"2 minutes"},"schema":{"@context":"https:\/\/schema.org","@graph":[{"@type":"WebSite","@id":"https:\/\/www.ntf.uni-lj.si\/oto\/en\/#website","url":"https:\/\/www.ntf.uni-lj.si\/oto\/en\/","name":"OTO","description":"Katedra za oblikovanje tekstilij in obla\u010dil","potentialAction":[{"@type":"SearchAction","target":{"@type":"EntryPoint","urlTemplate":"https:\/\/www.ntf.uni-lj.si\/oto\/en\/?s={search_term_string}"},"query-input":"required name=search_term_string"}],"inLanguage":"en-US"},{"@type":"ImageObject","@id":"https:\/\/www.ntf.uni-lj.si\/oto\/news\/nova-evropska-svila\/#primaryimage","inLanguage":"en-US","url":"https:\/\/www.ntf.uni-lj.si\/oto\/wp-content\/uploads\/sites\/6\/2025\/02\/Job_1778-2-II_web-scaled.jpg","contentUrl":"https:\/\/www.ntf.uni-lj.si\/oto\/wp-content\/uploads\/sites\/6\/2025\/02\/Job_1778-2-II_web-scaled.jpg","width":1919,"height":2560,"caption":"Nova evropska svila-NES, foto: Dmjan \u0160varc"},{"@type":"WebPage","@id":"https:\/\/www.ntf.uni-lj.si\/oto\/news\/nova-evropska-svila\/#webpage","url":"https:\/\/www.ntf.uni-lj.si\/oto\/news\/nova-evropska-svila\/","name":"NOVA EVROPSKA SVILA (NES) - OTO","isPartOf":{"@id":"https:\/\/www.ntf.uni-lj.si\/oto\/en\/#website"},"primaryImageOfPage":{"@id":"https:\/\/www.ntf.uni-lj.si\/oto\/news\/nova-evropska-svila\/#primaryimage"},"datePublished":"2025-02-24T20:12:05+00:00","dateModified":"2025-02-24T20:48:57+00:00","breadcrumb":{"@id":"https:\/\/www.ntf.uni-lj.si\/oto\/news\/nova-evropska-svila\/#breadcrumb"},"inLanguage":"en-US","potentialAction":[{"@type":"ReadAction","target":["https:\/\/www.ntf.uni-lj.si\/oto\/news\/nova-evropska-svila\/"]}]},{"@type":"BreadcrumbList","@id":"https:\/\/www.ntf.uni-lj.si\/oto\/news\/nova-evropska-svila\/#breadcrumb","itemListElement":[{"@type":"ListItem","position":1,"name":"Home","item":"https:\/\/www.ntf.uni-lj.si\/oto\/en\/"},{"@type":"ListItem","position":2,"name":"Novice","item":"https:\/\/www.ntf.uni-lj.si\/oto\/news\/"},{"@type":"ListItem","position":3,"name":"NOVA EVROPSKA SVILA (NES)"}]}]}},"_links":{"self":[{"href":"https:\/\/www.ntf.uni-lj.si\/oto\/wp-json\/wp\/v2\/news\/23528"}],"collection":[{"href":"https:\/\/www.ntf.uni-lj.si\/oto\/wp-json\/wp\/v2\/news"}],"about":[{"href":"https:\/\/www.ntf.uni-lj.si\/oto\/wp-json\/wp\/v2\/types\/news"}],"author":[{"embeddable":true,"href":"https:\/\/www.ntf.uni-lj.si\/oto\/wp-json\/wp\/v2\/users\/27"}],"version-history":[{"count":12,"href":"https:\/\/www.ntf.uni-lj.si\/oto\/wp-json\/wp\/v2\/news\/23528\/revisions"}],"predecessor-version":[{"id":23550,"href":"https:\/\/www.ntf.uni-lj.si\/oto\/wp-json\/wp\/v2\/news\/23528\/revisions\/23550"}],"wp:featuredmedia":[{"embeddable":true,"href":"https:\/\/www.ntf.uni-lj.si\/oto\/wp-json\/wp\/v2\/media\/23536"}],"wp:attachment":[{"href":"https:\/\/www.ntf.uni-lj.si\/oto\/wp-json\/wp\/v2\/media?parent=23528"}],"wp:term":[{"taxonomy":"category","embeddable":true,"href":"https:\/\/www.ntf.uni-lj.si\/oto\/wp-json\/wp\/v2\/categories?post=23528"}],"curies":[{"name":"wp","href":"https:\/\/api.w.org\/{rel}","templated":true}]}}