{"id":24288,"date":"2025-07-21T12:37:39","date_gmt":"2025-07-21T10:37:39","guid":{"rendered":"https:\/\/www.ntf.uni-lj.si\/oto\/?post_type=news&#038;p=24288"},"modified":"2025-07-21T13:08:36","modified_gmt":"2025-07-21T11:08:36","slug":"od-do-v-skucu","status":"publish","type":"news","link":"https:\/\/www.ntf.uni-lj.si\/oto\/news\/od-do-v-skucu\/","title":{"rendered":"OD &#8212;&#8212; DO v \u0160KUCU"},"content":{"rendered":"<h3 class=\"elementToProof\" style=\"text-align: center\"><span style=\"color: #000000\"><strong><i>OD &#8212;&#8212; DO<\/i><\/strong><\/span><\/h3>\n<p style=\"text-align: center\"><span style=\"color: #000000\">Od zaznave do izku\u0161nje.<\/span><\/p>\n<p style=\"text-align: center\"><span style=\"color: #000000\">Od ideje do materializacije.<\/span><\/p>\n<p style=\"text-align: center\"><span style=\"color: #000000\">Od \u010duta do ob\u010dutka.<\/span><\/p>\n<p style=\"text-align: center\"><span style=\"color: #000000\">Od \u010dustev do nas.<\/span><\/p>\n<p style=\"text-align: center\"><span style=\"color: #000000\">Razstava <i>OD &#8212;&#8212; DO<\/i>\u00a0je\u00a0povabilo v svet tekstilnega\u00a0in modnega\u00a0oblikovanja, kjer se zaznave pretvorijo v kreativne misli, le te pa utelesijo v nove senzori\u010dne izku\u0161nje.\u00a0Vsaka faza procesa odpira nova vpra\u0161anja in i\u0161\u010de sve\u017ee odgovore skozi material.\u00a0Nit postane povr\u0161ina, povr\u0161ina postane struktura, struktura postane izraz. <i>OD &#8212;&#8212; DO<\/i>\u00a0predstavlja neskon\u010dne mo\u017enosti, ki nam jih ponuja razvoj posameznega projekta in stremi k razumevanju oblikovanja kot \u017eivega\u00a0procesa, ki presega golo funkcionalnost in se dotika osebnega, dru\u017ebenega in estetskega.<\/span><\/p>\n<p style=\"text-align: center\"><strong>Vljudno vabljeni na modno revijo \u0161tudentov KOTO, NTF, UL, ki bo v petek, 25. 7. 2025 ob 19h pred Galerijo \u0160kuc, na Starem trgu 21 v Ljubjani. Znotraj dogodka predstavljemo projekt NITI &amp; KODE, ki je del projekta Evropska no\u010d raziskovalcev &#8211; &#8220;Humanistika, to si ti!&#8221; Prodajna rzstava del \u0161tudentov oblikovanja tekstilij in obla\u010dil OTGO, NTF, UL bo potekala od 25. 7. do 3. 8. 2025 v Galeriji \u0160kuc. Vse aktivnosti potekajo v sklopu festivala <span style=\"color: #3d3c3c\"><a style=\"color: #3d3c3c\" href=\"https:\/\/skuc.org\/dobimo-se-pred-skucem-2025\">Dobimo se pred \u0160KUCEM<\/a><\/span>. <\/strong><\/p>\n<p style=\"text-align: center\">Vabljeni!<\/p>\n","protected":false},"excerpt":{"rendered":"OD &#8212;&#8212; DO Od zaznave do izku\u0161nje. Od ideje do materializacije. Od \u010duta do ob\u010dutka. Od \u010dustev do nas. Razstava OD &#8212;&#8212; DO\u00a0je\u00a0povabilo v svet tekstilnega\u00a0in modnega\u00a0oblikovanja, kjer se zaznave pretvorijo v kreativne misli, le te pa utelesijo v nove senzori\u010dne izku\u0161nje.\u00a0Vsaka faza procesa odpira nova vpra\u0161anja in i\u0161\u010de sve\u017ee odgovore skozi material.\u00a0Nit postane povr\u0161ina, &#8230; <a class=\"view-article\" href=\"https:\/\/www.ntf.uni-lj.si\/oto\/news\/od-do-v-skucu\/\">Read more<\/a>","protected":false},"author":27,"featured_media":24289,"template":"","categories":[],"class_list":["post-24288","news","type-news","status-publish","has-post-thumbnail","hentry"],"acf":[],"_links":{"self":[{"href":"https:\/\/www.ntf.uni-lj.si\/oto\/wp-json\/wp\/v2\/news\/24288","targetHints":{"allow":["GET"]}}],"collection":[{"href":"https:\/\/www.ntf.uni-lj.si\/oto\/wp-json\/wp\/v2\/news"}],"about":[{"href":"https:\/\/www.ntf.uni-lj.si\/oto\/wp-json\/wp\/v2\/types\/news"}],"author":[{"embeddable":true,"href":"https:\/\/www.ntf.uni-lj.si\/oto\/wp-json\/wp\/v2\/users\/27"}],"version-history":[{"count":19,"href":"https:\/\/www.ntf.uni-lj.si\/oto\/wp-json\/wp\/v2\/news\/24288\/revisions"}],"predecessor-version":[{"id":24308,"href":"https:\/\/www.ntf.uni-lj.si\/oto\/wp-json\/wp\/v2\/news\/24288\/revisions\/24308"}],"wp:featuredmedia":[{"embeddable":true,"href":"https:\/\/www.ntf.uni-lj.si\/oto\/wp-json\/wp\/v2\/media\/24289"}],"wp:attachment":[{"href":"https:\/\/www.ntf.uni-lj.si\/oto\/wp-json\/wp\/v2\/media?parent=24288"}],"wp:term":[{"taxonomy":"category","embeddable":true,"href":"https:\/\/www.ntf.uni-lj.si\/oto\/wp-json\/wp\/v2\/categories?post=24288"}],"curies":[{"name":"wp","href":"https:\/\/api.w.org\/{rel}","templated":true}]}}