{"id":24834,"date":"2025-12-15T09:35:31","date_gmt":"2025-12-15T08:35:31","guid":{"rendered":"https:\/\/www.ntf.uni-lj.si\/oto\/?post_type=news&#038;p=24834"},"modified":"2025-12-15T12:07:14","modified_gmt":"2025-12-15T11:07:14","slug":"identita-v-nakitu-na-rog-expu","status":"publish","type":"news","link":"https:\/\/www.ntf.uni-lj.si\/oto\/news\/identita-v-nakitu-na-rog-expu\/","title":{"rendered":"IDeNTITETA V NAKITU na ROG EXPU"},"content":{"rendered":"<p style=\"text-align: left\"><strong>IDentiteta v nakitu \u00a0je krovni naslov za predstavitev projektov, ki so nastali v labu za nakit pri izbirnem predmetu <em>Modni dodatki 1<\/em> dodiplomskega \u0161tudija Oblikovanja tekstilij in obla\u010dil Oddelka za grafiko, tekstilstvo in oblikovanje Naravoslovnotehni\u0161ke fakultete Univerze v Ljubljani, v partnerskem sodelovanju s Centrom Rog. Projekti so del obse\u017ena razstave ROG Expo, ki skupaj z ROG Kreatonom in ROG Forumom zaokro\u017euje mednarodni festival <span style=\"color: #000000\"><a style=\"color: #000000\" href=\"https:\/\/center-rog.si\/rog-dizajn-dnevi-2025\/\">Rog dizajn dnevi<\/a><\/span>, ki so potekali v mesecu novembru v Centru Rog. Leto\u0161nja tema <em>Meje in trenja<\/em>\u00a0raziskuje napetosti, prese\u010di\u0161\u010da in ustvarjalne mo\u017enosti, ki se pojavijo, ko se sre\u010dajo omejitve in nasprotujo\u010de si silnice. Razstava ROG Expo je na ogled do 7. februarja 2026 v prostorih Centra Rog.<\/strong><\/p>\n<p><strong>Razstavljeni projekti \u0161tudentov so nastali principih pouporabe in vec\u030cvrednostnega recikliranja pod mentorstvom prof. Nata\u0161e Per\u0161uh in asist. Nata\u0161e Hrupi\u0107 (NTF UL) ter Petra Dragoli\u010da (Center ROG). Kuratorici razstave sta Alja Fir in Anja Radovi\u0107 (Center ROG).<\/strong><\/p>\n<p><em><strong>Fantazijski \u0161opek \/\/ Fantasy Bouquet<\/strong><\/em><\/p>\n<p><strong>Avtor: Tadej \u0160andor<\/strong><\/p>\n<p>Kolekcija <em>Fantazijski \u0161opek <\/em>ponuja kose, ki se pripenjajo na telo ali obla\u010dila (v lase, na zapestje, kot bro\u0161ka), odvisno od ustvarjalnosti tistega, ki \u0161opek nosi.<\/p>\n<p><em><strong>Bakrotkanje \/\/ Copperweaving<\/strong><\/em><\/p>\n<p><strong>Avtorica:\u00a0Julija Lorenzutti<\/strong><\/p>\n<p>Kolekcija <em>Bakrotkanje <\/em>zdru\u017euje tekstilno tkanje s kovino; v kovino je vtkan presenetljiv material, z voskom obdelan papir, ki estetsko, kompozicijsko in funkcionalno nadgrajuje kovinsko formo.<\/p>\n<p><em><strong>(ne)popolnosti \/\/ (im)perfections<\/strong><\/em><\/p>\n<p><strong>Avtorica: Sandra Pregelj<\/strong><\/p>\n<p>Kolekcija <em>(ne)popolnosti<\/em> raziskuje standarde lepote in lastno percepcijo &#8220;napak&#8221;. Nakit lahko izpostavi ali prikrije posamezne naravne zna\u010dilnosti telesa (npr. mozolje, gube, strije).<\/p>\n<p><em><strong>Samo_Nakit \/\/ Self_ Jevellery<\/strong><\/em><\/p>\n<p><strong>Avtorica: Amelija Kracina<\/strong><\/p>\n<p>Kolekcija <em>Samo_Nakit ustvarja <\/em>vizualno mo\u010dne kose, ki pritegnejo pogled, a presegajo estetsko funkcijo, saj lahko slu\u017eijo kot pripomo\u010dek za samoobrambo. Likovna zasnova povzema oblike razlnolikoh pripomo\u010dkov.<\/p>\n<p><em><strong>Brez \u010drnila in igle \/\/ Without Ink and Needle<\/strong><\/em><\/p>\n<p><strong>Avtor:\u00a0Jaka Soj\u010d<\/strong><\/p>\n<p>Kosi <em>Brez \u010drnila in igle\u00a0<\/em>se postavijo na trup ali me\u010da in delujejo kot risba na ko\u017ei, le da je za\u010dasno tetova\u017eo iz kovine mogo\u010de enostavno odstraniti. Kolekcija raziskuje povezave med risbo, telesom ter tradicionalne in sodobne poslikave telesa.<\/p>\n","protected":false},"excerpt":{"rendered":"IDentiteta v nakitu \u00a0je krovni naslov za predstavitev projektov, ki so nastali v labu za nakit pri izbirnem predmetu Modni dodatki 1 dodiplomskega \u0161tudija Oblikovanja tekstilij in obla\u010dil Oddelka za grafiko, tekstilstvo in oblikovanje Naravoslovnotehni\u0161ke fakultete Univerze v Ljubljani, v partnerskem sodelovanju s Centrom Rog. Projekti so del obse\u017ena razstave ROG Expo, ki skupaj z &#8230; <a class=\"view-article\" href=\"https:\/\/www.ntf.uni-lj.si\/oto\/news\/identita-v-nakitu-na-rog-expu\/\">Read more<\/a>","protected":false},"author":50,"featured_media":24843,"template":"","categories":[],"acf":[],"yoast_head":"<!-- This site is optimized with the Yoast SEO plugin v17.0 - https:\/\/yoast.com\/wordpress\/plugins\/seo\/ -->\n<meta name=\"robots\" content=\"index, follow, max-snippet:-1, max-image-preview:large, max-video-preview:-1\" \/>\n<link rel=\"canonical\" href=\"https:\/\/www.ntf.uni-lj.si\/oto\/news\/identita-v-nakitu-na-rog-expu\/\" \/>\n<meta property=\"og:locale\" content=\"en_US\" \/>\n<meta property=\"og:type\" content=\"article\" \/>\n<meta property=\"og:title\" content=\"IDeNTITETA V NAKITU na ROG EXPU - OTO\" \/>\n<meta property=\"og:description\" content=\"IDentiteta v nakitu \u00a0je krovni naslov za predstavitev projektov, ki so nastali v labu za nakit pri izbirnem predmetu Modni dodatki 1 dodiplomskega \u0161tudija Oblikovanja tekstilij in obla\u010dil Oddelka za grafiko, tekstilstvo in oblikovanje Naravoslovnotehni\u0161ke fakultete Univerze v Ljubljani, v partnerskem sodelovanju s Centrom Rog. Projekti so del obse\u017ena razstave ROG Expo, ki skupaj z ... Read more\" \/>\n<meta property=\"og:url\" content=\"https:\/\/www.ntf.uni-lj.si\/oto\/news\/identita-v-nakitu-na-rog-expu\/\" \/>\n<meta property=\"og:site_name\" content=\"OTO\" \/>\n<meta property=\"article:modified_time\" content=\"2025-12-15T11:07:14+00:00\" \/>\n<meta property=\"og:image\" content=\"https:\/\/www.ntf.uni-lj.si\/oto\/wp-content\/uploads\/sites\/6\/2025\/12\/2025-ROG-Expo-17-Julija-Lorenzutti-Post-scaled.jpg\" \/>\n\t<meta property=\"og:image:width\" content=\"1920\" \/>\n\t<meta property=\"og:image:height\" content=\"2560\" \/>\n<meta name=\"twitter:label1\" content=\"Est. reading time\" \/>\n\t<meta name=\"twitter:data1\" content=\"2 minutes\" \/>\n<script type=\"application\/ld+json\" class=\"yoast-schema-graph\">{\"@context\":\"https:\/\/schema.org\",\"@graph\":[{\"@type\":\"WebSite\",\"@id\":\"https:\/\/www.ntf.uni-lj.si\/oto\/en\/#website\",\"url\":\"https:\/\/www.ntf.uni-lj.si\/oto\/en\/\",\"name\":\"OTO\",\"description\":\"Katedra za oblikovanje tekstilij in obla\\u010dil\",\"potentialAction\":[{\"@type\":\"SearchAction\",\"target\":{\"@type\":\"EntryPoint\",\"urlTemplate\":\"https:\/\/www.ntf.uni-lj.si\/oto\/en\/?s={search_term_string}\"},\"query-input\":\"required name=search_term_string\"}],\"inLanguage\":\"en-US\"},{\"@type\":\"ImageObject\",\"@id\":\"https:\/\/www.ntf.uni-lj.si\/oto\/news\/identita-v-nakitu-na-rog-expu\/#primaryimage\",\"inLanguage\":\"en-US\",\"url\":\"https:\/\/www.ntf.uni-lj.si\/oto\/wp-content\/uploads\/sites\/6\/2025\/12\/2025-ROG-Expo-17-Julija-Lorenzutti-Post-scaled.jpg\",\"contentUrl\":\"https:\/\/www.ntf.uni-lj.si\/oto\/wp-content\/uploads\/sites\/6\/2025\/12\/2025-ROG-Expo-17-Julija-Lorenzutti-Post-scaled.jpg\",\"width\":1920,\"height\":2560,\"caption\":\"JULIJA LORENZUTTI x ROG Expo 2025, foto: Klemen Ilovar\"},{\"@type\":\"WebPage\",\"@id\":\"https:\/\/www.ntf.uni-lj.si\/oto\/news\/identita-v-nakitu-na-rog-expu\/#webpage\",\"url\":\"https:\/\/www.ntf.uni-lj.si\/oto\/news\/identita-v-nakitu-na-rog-expu\/\",\"name\":\"IDeNTITETA V NAKITU na ROG EXPU - OTO\",\"isPartOf\":{\"@id\":\"https:\/\/www.ntf.uni-lj.si\/oto\/en\/#website\"},\"primaryImageOfPage\":{\"@id\":\"https:\/\/www.ntf.uni-lj.si\/oto\/news\/identita-v-nakitu-na-rog-expu\/#primaryimage\"},\"datePublished\":\"2025-12-15T08:35:31+00:00\",\"dateModified\":\"2025-12-15T11:07:14+00:00\",\"breadcrumb\":{\"@id\":\"https:\/\/www.ntf.uni-lj.si\/oto\/news\/identita-v-nakitu-na-rog-expu\/#breadcrumb\"},\"inLanguage\":\"en-US\",\"potentialAction\":[{\"@type\":\"ReadAction\",\"target\":[\"https:\/\/www.ntf.uni-lj.si\/oto\/news\/identita-v-nakitu-na-rog-expu\/\"]}]},{\"@type\":\"BreadcrumbList\",\"@id\":\"https:\/\/www.ntf.uni-lj.si\/oto\/news\/identita-v-nakitu-na-rog-expu\/#breadcrumb\",\"itemListElement\":[{\"@type\":\"ListItem\",\"position\":1,\"name\":\"Home\",\"item\":\"https:\/\/www.ntf.uni-lj.si\/oto\/en\/\"},{\"@type\":\"ListItem\",\"position\":2,\"name\":\"Novice\",\"item\":\"https:\/\/www.ntf.uni-lj.si\/oto\/news\/\"},{\"@type\":\"ListItem\",\"position\":3,\"name\":\"IDeNTITETA V NAKITU na ROG EXPU\"}]}]}<\/script>\n<!-- \/ Yoast SEO plugin. -->","yoast_head_json":{"robots":{"index":"index","follow":"follow","max-snippet":"max-snippet:-1","max-image-preview":"max-image-preview:large","max-video-preview":"max-video-preview:-1"},"canonical":"https:\/\/www.ntf.uni-lj.si\/oto\/news\/identita-v-nakitu-na-rog-expu\/","og_locale":"en_US","og_type":"article","og_title":"IDeNTITETA V NAKITU na ROG EXPU - OTO","og_description":"IDentiteta v nakitu \u00a0je krovni naslov za predstavitev projektov, ki so nastali v labu za nakit pri izbirnem predmetu Modni dodatki 1 dodiplomskega \u0161tudija Oblikovanja tekstilij in obla\u010dil Oddelka za grafiko, tekstilstvo in oblikovanje Naravoslovnotehni\u0161ke fakultete Univerze v Ljubljani, v partnerskem sodelovanju s Centrom Rog. Projekti so del obse\u017ena razstave ROG Expo, ki skupaj z ... Read more","og_url":"https:\/\/www.ntf.uni-lj.si\/oto\/news\/identita-v-nakitu-na-rog-expu\/","og_site_name":"OTO","article_modified_time":"2025-12-15T11:07:14+00:00","og_image":[{"width":1920,"height":2560,"url":"https:\/\/www.ntf.uni-lj.si\/oto\/wp-content\/uploads\/sites\/6\/2025\/12\/2025-ROG-Expo-17-Julija-Lorenzutti-Post-scaled.jpg","path":"\/web\/html\/ntf\/public_html\/wp-content\/uploads\/sites\/6\/2025\/12\/2025-ROG-Expo-17-Julija-Lorenzutti-Post-scaled.jpg","size":"full","id":24843,"alt":"JULIJA LORENZUTTI x ROG Expo 2025, foto: Klemen Ilovar","pixels":4915200,"type":"image\/jpeg"}],"twitter_misc":{"Est. reading time":"2 minutes"},"schema":{"@context":"https:\/\/schema.org","@graph":[{"@type":"WebSite","@id":"https:\/\/www.ntf.uni-lj.si\/oto\/en\/#website","url":"https:\/\/www.ntf.uni-lj.si\/oto\/en\/","name":"OTO","description":"Katedra za oblikovanje tekstilij in obla\u010dil","potentialAction":[{"@type":"SearchAction","target":{"@type":"EntryPoint","urlTemplate":"https:\/\/www.ntf.uni-lj.si\/oto\/en\/?s={search_term_string}"},"query-input":"required name=search_term_string"}],"inLanguage":"en-US"},{"@type":"ImageObject","@id":"https:\/\/www.ntf.uni-lj.si\/oto\/news\/identita-v-nakitu-na-rog-expu\/#primaryimage","inLanguage":"en-US","url":"https:\/\/www.ntf.uni-lj.si\/oto\/wp-content\/uploads\/sites\/6\/2025\/12\/2025-ROG-Expo-17-Julija-Lorenzutti-Post-scaled.jpg","contentUrl":"https:\/\/www.ntf.uni-lj.si\/oto\/wp-content\/uploads\/sites\/6\/2025\/12\/2025-ROG-Expo-17-Julija-Lorenzutti-Post-scaled.jpg","width":1920,"height":2560,"caption":"JULIJA LORENZUTTI x ROG Expo 2025, foto: Klemen Ilovar"},{"@type":"WebPage","@id":"https:\/\/www.ntf.uni-lj.si\/oto\/news\/identita-v-nakitu-na-rog-expu\/#webpage","url":"https:\/\/www.ntf.uni-lj.si\/oto\/news\/identita-v-nakitu-na-rog-expu\/","name":"IDeNTITETA V NAKITU na ROG EXPU - OTO","isPartOf":{"@id":"https:\/\/www.ntf.uni-lj.si\/oto\/en\/#website"},"primaryImageOfPage":{"@id":"https:\/\/www.ntf.uni-lj.si\/oto\/news\/identita-v-nakitu-na-rog-expu\/#primaryimage"},"datePublished":"2025-12-15T08:35:31+00:00","dateModified":"2025-12-15T11:07:14+00:00","breadcrumb":{"@id":"https:\/\/www.ntf.uni-lj.si\/oto\/news\/identita-v-nakitu-na-rog-expu\/#breadcrumb"},"inLanguage":"en-US","potentialAction":[{"@type":"ReadAction","target":["https:\/\/www.ntf.uni-lj.si\/oto\/news\/identita-v-nakitu-na-rog-expu\/"]}]},{"@type":"BreadcrumbList","@id":"https:\/\/www.ntf.uni-lj.si\/oto\/news\/identita-v-nakitu-na-rog-expu\/#breadcrumb","itemListElement":[{"@type":"ListItem","position":1,"name":"Home","item":"https:\/\/www.ntf.uni-lj.si\/oto\/en\/"},{"@type":"ListItem","position":2,"name":"Novice","item":"https:\/\/www.ntf.uni-lj.si\/oto\/news\/"},{"@type":"ListItem","position":3,"name":"IDeNTITETA V NAKITU na ROG EXPU"}]}]}},"_links":{"self":[{"href":"https:\/\/www.ntf.uni-lj.si\/oto\/wp-json\/wp\/v2\/news\/24834"}],"collection":[{"href":"https:\/\/www.ntf.uni-lj.si\/oto\/wp-json\/wp\/v2\/news"}],"about":[{"href":"https:\/\/www.ntf.uni-lj.si\/oto\/wp-json\/wp\/v2\/types\/news"}],"author":[{"embeddable":true,"href":"https:\/\/www.ntf.uni-lj.si\/oto\/wp-json\/wp\/v2\/users\/50"}],"version-history":[{"count":34,"href":"https:\/\/www.ntf.uni-lj.si\/oto\/wp-json\/wp\/v2\/news\/24834\/revisions"}],"predecessor-version":[{"id":24922,"href":"https:\/\/www.ntf.uni-lj.si\/oto\/wp-json\/wp\/v2\/news\/24834\/revisions\/24922"}],"wp:featuredmedia":[{"embeddable":true,"href":"https:\/\/www.ntf.uni-lj.si\/oto\/wp-json\/wp\/v2\/media\/24843"}],"wp:attachment":[{"href":"https:\/\/www.ntf.uni-lj.si\/oto\/wp-json\/wp\/v2\/media?parent=24834"}],"wp:term":[{"taxonomy":"category","embeddable":true,"href":"https:\/\/www.ntf.uni-lj.si\/oto\/wp-json\/wp\/v2\/categories?post=24834"}],"curies":[{"name":"wp","href":"https:\/\/api.w.org\/{rel}","templated":true}]}}