{"id":25135,"date":"2026-03-20T12:12:10","date_gmt":"2026-03-20T11:12:10","guid":{"rendered":"https:\/\/www.ntf.uni-lj.si\/oto\/?post_type=news&#038;p=25135"},"modified":"2026-03-27T14:16:20","modified_gmt":"2026-03-27T13:16:20","slug":"identiteta-v-nakitu-na-sijw","status":"publish","type":"news","link":"https:\/\/www.ntf.uni-lj.si\/oto\/news\/identiteta-v-nakitu-na-sijw\/","title":{"rendered":"IDeNTITETA V NAKITU na SIJW"},"content":{"rendered":"<h3><span style=\"color: #000000\"><b>Predstavitev NTF UL v okviru mednarodnega festivala SIJW<span class=\"Apple-converted-space\">\u00a0<\/span><\/b><\/span><\/h3>\n<h3><span style=\"color: #000000\"><b>Muzej Slovenj Gradec, Glavni trg 24, 2380 Slovenj Gradec<\/b><\/span><\/h3>\n<h3><span style=\"color: #000000\">Odprtje: <b>26. 03. 2026 ob 18h<\/b><\/span><\/h3>\n<h3><span style=\"color: #000000\">Trajanje razstave: <b>od 26. 03. 2026 do 03. 05. 2026<\/b><\/span><\/h3>\n<h3><span style=\"color: #000000\"><strong>SLOVENJ GRADEC | Koro\u0161ki pokrajinski muzej<\/strong><\/span><\/h3>\n<p>IDentiteta v nakitu je naslov razstave, ki predstavlja produkcijo \u0161tudentov dodiplomskega \u0161tudija Oblikovanje tekstilij in obla\u010dil Oddeleka za tekstilstvo, grafiko in oblikovanje Naravoslovnotehni\u0161ke fakultete Univerze v Ljubljani. Projekti so nastali v okviru predmeta Modni dodatki 1 v partnerskem sodelovanju s Centrom Rog v Ljubljani. Rde\u010da nit razstave je raziskovanje nekonvencionalnosti posameznikove identitete. \u0160tudenti so ustvarjali po principih ponovne uporabe in ve\u010dvrednostnega recikliranja (upcycling), s \u010dimer so nakit inkluzivno umestili v sodobni dru\u017ebeni kontekst. Razstava ponuja vpogled v sve\u017ee, trajnostno naravnane ideje mladih oblikovalcev, ki pod mentorstvom strokovnjakov presegajo klasi\u010dne meje nakita.<\/p>\n<p>Projekt bo predstavljen v okviru Slovenskega tedna nakita (SIJW 2026), ki v svoji jubilejni, peti izvedbi ponovno povezuje ustvarjalce, raziskovalce in mojstre v enoten program, ki prepleta umetni\u0161ko prakso, oblikovanje, rokodelstvo ter mednarodno sodelovanje na podro\u010dju sodobnega nakita. Festival poteka v Ljubljani, Izoli, Slovenj Gradcu, Kranju, Roga\u0161ki Slatini, Slovenski Bistrici, Vrhniki in Mirnu. SIJW je v letu 2026 zaznamovan z osrednjo temo, ki so jo oblikovalci raziskovali skozi predstavljane kolekcije: Snov \/ Preobrazba (Substance \/ Reimagined).<\/p>\n<p>Izvajalci in mentorji projekta: <strong>prof. Nata\u0161a Per\u0161uh<\/strong> (NTF UL), <strong>asist. Nata\u0161a Hrupi\u0107<\/strong> (NTF UL) in zlatarski mojster <strong>Peter Dragoli\u010d<\/strong> (Center Rog)<\/p>\n<p>Avtorica razstave: <strong>asist. Nata\u0161a Hrupi\u0107<\/strong> (NTF UL)<\/p>\n<p>Kustosinja: vi\u0161. kust. <strong>Aleksandra \u010cas<\/strong> (KPM)<\/p>\n<h3><b><i>\u00a0<\/i><\/b><b>Na razstavi bo razstavljeno sedem avtorskih kolekcij nakita:<\/b><\/h3>\n<p><b><i>Fantazijski \u0161opek \/\/ Fantasy Bouquet<\/i><\/b>,\u00a0<b>Avtor: Tadej \u0160andor<\/b><\/p>\n<p>Kolekcija\u00a0<i>Fantazijski \u0161opek\u00a0<\/i>ponuja kose, ki se pripenjajo na telo ali obla\u010dila (v lase, na zapestje, kot bro\u0161ka), odvisno od ustvarjalnosti tistega, ki \u0161opek nosi.<\/p>\n<p><b><i>Bakrotkanje \/\/ Copperweaving<\/i><\/b>, <b>Avtorica:\u00a0Julija Lorenzutti<\/b><\/p>\n<p>Kolekcija\u00a0<i>Bakrotkanje\u00a0<\/i>zdru\u017euje tekstilno tkanje s kovino; v kovino je vtkan presenetljiv material, z voskom obdelan papir, ki estetsko, kompozicijsko in funkcionalno nadgrajuje kovinsko formo.<\/p>\n<p><b><i>(ne)popolnosti \/\/ (im)perfections<\/i><\/b>, <b>Avtorica: Sandra Pregelj<\/b><\/p>\n<p>Kolekcija\u00a0<i>(ne)popolnosti<\/i>\u00a0raziskuje standarde lepote in lastno percepcijo &#8220;napak&#8221;. Nakit lahko izpostavi ali prikrije posamezne naravne zna\u010dilnosti telesa (npr. mozolje, gube, strije).<\/p>\n<p><b><i>Samo_Nakit \/\/ Self_ Jevellery<\/i><\/b>, <b>Avtorica: Amelija Kracina<\/b><\/p>\n<p>Kolekcija\u00a0<i>Samo_Nakit ustvarja\u00a0<\/i>vizualno mo\u010dne kose, ki pritegnejo pogled, a presegajo estetsko funkcijo, saj lahko slu\u017eijo kot pripomo\u010dek za samoobrambo. Likovna zasnova povzema oblike razlnolikoh pripomo\u010dkov.<\/p>\n<p><b><i>Brez \u010drnila in igle \/\/ Without Ink and Needle<\/i><\/b>, <b>Avtor:\u00a0Jaka Soj\u010d<\/b><\/p>\n<p>Kosi\u00a0<i>Brez \u010drnila in igle\u00a0<\/i>se postavijo na trup ali me\u010da in delujejo kot risba na ko\u017ei, le da je za\u010dasno tetova\u017eo iz kovine mogo\u010de enostavno odstraniti. Kolekcija raziskuje povezave med risbo, telesom ter tradicionalne in sodobne poslikave telesa.<\/p>\n<p><b><i>Ujete sanje \/\/ Ensnared dreams, <\/i>Avtor: Alex Devetak<\/b><\/p>\n<p>Kolekcija raziskuje gnezdo kot simbol doma in dru\u017eine; topline, varnosti in pripadnosti, a tudi kot omejitev, ki nas lahko zadr\u017euje. Perje, ki obi\u010dajno za\u010dutimo mehko in ne\u017eno, je tokrat hladno, ostro in ujeto v mre\u017eo, ki predstavlja nevidne vezi pri\u010dakovanj in strahov. Kolekcija nas spodbuja, da prestopimo meje udobja in poi\u0161\u010demo svoj lasten prostor, kjer lahko v polnosti odrastemo, se izrazimo i n uresni\u010dimo svoje sanje.<\/p>\n<p><strong>Povezave:<\/strong> <a href=\"https:\/\/slovenianjewelryweek.com\/sl\/sijw-2026\/program-2026\/\">SIJW<\/a>, <a href=\"https:\/\/www.kpm.si\/events\/5-let-sijaja-retrospektivna-razstava-nagrajenih-avtorjev-slovenskega-tedna-nakita-odprtje-obcasne-razstave\/\">Koro\u0161ki Pokrajinski Muzej<\/a>, <a href=\"https:\/\/www.ntf.uni-lj.si\/oto\/news\/identita-v-nakitu-na-rog-expu\/\">KOTO<\/a>, <a href=\"https:\/\/kotofolio.si\/projekt\/identiteta-v-nakitu\/\">KOTOfolio<\/a>.<\/p>\n<p>Ogled razstave: <strong>26. 3. \u2013 3. 5. 2026, od torka do petka, 10.00 \u2013 18.00, sobota, nedelja, 10.00 \u2013 17.00<\/strong>. Vstopnina: po ceniku muzeja.<\/p>\n","protected":false},"excerpt":{"rendered":"Predstavitev NTF UL v okviru mednarodnega festivala SIJW\u00a0 Muzej Slovenj Gradec, Glavni trg 24, 2380 Slovenj Gradec Odprtje: 26. 03. 2026 ob 18h Trajanje razstave: od 26. 03. 2026 do 03. 05. 2026 SLOVENJ GRADEC | Koro\u0161ki pokrajinski muzej IDentiteta v nakitu je naslov razstave, ki predstavlja produkcijo \u0161tudentov dodiplomskega \u0161tudija Oblikovanje tekstilij in obla\u010dil &#8230; <a class=\"view-article\" href=\"https:\/\/www.ntf.uni-lj.si\/oto\/news\/identiteta-v-nakitu-na-sijw\/\">Read more<\/a>","protected":false},"author":50,"featured_media":25146,"template":"","categories":[],"acf":[],"yoast_head":"<!-- This site is optimized with the Yoast SEO plugin v17.0 - https:\/\/yoast.com\/wordpress\/plugins\/seo\/ -->\n<meta name=\"robots\" content=\"index, follow, max-snippet:-1, max-image-preview:large, max-video-preview:-1\" \/>\n<link rel=\"canonical\" href=\"https:\/\/www.ntf.uni-lj.si\/oto\/news\/identiteta-v-nakitu-na-sijw\/\" \/>\n<meta property=\"og:locale\" content=\"en_US\" \/>\n<meta property=\"og:type\" content=\"article\" \/>\n<meta property=\"og:title\" content=\"IDeNTITETA V NAKITU na SIJW - OTO\" \/>\n<meta property=\"og:description\" content=\"Predstavitev NTF UL v okviru mednarodnega festivala SIJW\u00a0 Muzej Slovenj Gradec, Glavni trg 24, 2380 Slovenj Gradec Odprtje: 26. 03. 2026 ob 18h Trajanje razstave: od 26. 03. 2026 do 03. 05. 2026 SLOVENJ GRADEC | Koro\u0161ki pokrajinski muzej IDentiteta v nakitu je naslov razstave, ki predstavlja produkcijo \u0161tudentov dodiplomskega \u0161tudija Oblikovanje tekstilij in obla\u010dil ... Read more\" \/>\n<meta property=\"og:url\" content=\"https:\/\/www.ntf.uni-lj.si\/oto\/news\/identiteta-v-nakitu-na-sijw\/\" \/>\n<meta property=\"og:site_name\" content=\"OTO\" \/>\n<meta property=\"article:modified_time\" content=\"2026-03-27T13:16:20+00:00\" \/>\n<meta property=\"og:image\" content=\"https:\/\/www.ntf.uni-lj.si\/oto\/wp-content\/uploads\/sites\/6\/2026\/03\/RogExpo_foto-Marijo-Zupanov-arhiv-Centra-Rog-11-scaled.jpg\" \/>\n\t<meta property=\"og:image:width\" content=\"1921\" \/>\n\t<meta property=\"og:image:height\" content=\"2560\" \/>\n<meta name=\"twitter:label1\" content=\"Est. reading time\" \/>\n\t<meta name=\"twitter:data1\" content=\"3 minutes\" \/>\n<script type=\"application\/ld+json\" class=\"yoast-schema-graph\">{\"@context\":\"https:\/\/schema.org\",\"@graph\":[{\"@type\":\"WebSite\",\"@id\":\"https:\/\/www.ntf.uni-lj.si\/oto\/en\/#website\",\"url\":\"https:\/\/www.ntf.uni-lj.si\/oto\/en\/\",\"name\":\"OTO\",\"description\":\"Katedra za oblikovanje tekstilij in obla\\u010dil\",\"potentialAction\":[{\"@type\":\"SearchAction\",\"target\":{\"@type\":\"EntryPoint\",\"urlTemplate\":\"https:\/\/www.ntf.uni-lj.si\/oto\/en\/?s={search_term_string}\"},\"query-input\":\"required name=search_term_string\"}],\"inLanguage\":\"en-US\"},{\"@type\":\"ImageObject\",\"@id\":\"https:\/\/www.ntf.uni-lj.si\/oto\/news\/identiteta-v-nakitu-na-sijw\/#primaryimage\",\"inLanguage\":\"en-US\",\"url\":\"https:\/\/www.ntf.uni-lj.si\/oto\/wp-content\/uploads\/sites\/6\/2026\/03\/RogExpo_foto-Marijo-Zupanov-arhiv-Centra-Rog-11-scaled.jpg\",\"contentUrl\":\"https:\/\/www.ntf.uni-lj.si\/oto\/wp-content\/uploads\/sites\/6\/2026\/03\/RogExpo_foto-Marijo-Zupanov-arhiv-Centra-Rog-11-scaled.jpg\",\"width\":1921,\"height\":2560,\"caption\":\"Avtor: Tadej \\u0160andor, Foto: Marijo \\u017dupanov\"},{\"@type\":\"WebPage\",\"@id\":\"https:\/\/www.ntf.uni-lj.si\/oto\/news\/identiteta-v-nakitu-na-sijw\/#webpage\",\"url\":\"https:\/\/www.ntf.uni-lj.si\/oto\/news\/identiteta-v-nakitu-na-sijw\/\",\"name\":\"IDeNTITETA V NAKITU na SIJW - OTO\",\"isPartOf\":{\"@id\":\"https:\/\/www.ntf.uni-lj.si\/oto\/en\/#website\"},\"primaryImageOfPage\":{\"@id\":\"https:\/\/www.ntf.uni-lj.si\/oto\/news\/identiteta-v-nakitu-na-sijw\/#primaryimage\"},\"datePublished\":\"2026-03-20T11:12:10+00:00\",\"dateModified\":\"2026-03-27T13:16:20+00:00\",\"breadcrumb\":{\"@id\":\"https:\/\/www.ntf.uni-lj.si\/oto\/news\/identiteta-v-nakitu-na-sijw\/#breadcrumb\"},\"inLanguage\":\"en-US\",\"potentialAction\":[{\"@type\":\"ReadAction\",\"target\":[\"https:\/\/www.ntf.uni-lj.si\/oto\/news\/identiteta-v-nakitu-na-sijw\/\"]}]},{\"@type\":\"BreadcrumbList\",\"@id\":\"https:\/\/www.ntf.uni-lj.si\/oto\/news\/identiteta-v-nakitu-na-sijw\/#breadcrumb\",\"itemListElement\":[{\"@type\":\"ListItem\",\"position\":1,\"name\":\"Home\",\"item\":\"https:\/\/www.ntf.uni-lj.si\/oto\/en\/\"},{\"@type\":\"ListItem\",\"position\":2,\"name\":\"Novice\",\"item\":\"https:\/\/www.ntf.uni-lj.si\/oto\/news\/\"},{\"@type\":\"ListItem\",\"position\":3,\"name\":\"IDeNTITETA V NAKITU na SIJW\"}]}]}<\/script>\n<!-- \/ Yoast SEO plugin. -->","yoast_head_json":{"robots":{"index":"index","follow":"follow","max-snippet":"max-snippet:-1","max-image-preview":"max-image-preview:large","max-video-preview":"max-video-preview:-1"},"canonical":"https:\/\/www.ntf.uni-lj.si\/oto\/news\/identiteta-v-nakitu-na-sijw\/","og_locale":"en_US","og_type":"article","og_title":"IDeNTITETA V NAKITU na SIJW - OTO","og_description":"Predstavitev NTF UL v okviru mednarodnega festivala SIJW\u00a0 Muzej Slovenj Gradec, Glavni trg 24, 2380 Slovenj Gradec Odprtje: 26. 03. 2026 ob 18h Trajanje razstave: od 26. 03. 2026 do 03. 05. 2026 SLOVENJ GRADEC | Koro\u0161ki pokrajinski muzej IDentiteta v nakitu je naslov razstave, ki predstavlja produkcijo \u0161tudentov dodiplomskega \u0161tudija Oblikovanje tekstilij in obla\u010dil ... Read more","og_url":"https:\/\/www.ntf.uni-lj.si\/oto\/news\/identiteta-v-nakitu-na-sijw\/","og_site_name":"OTO","article_modified_time":"2026-03-27T13:16:20+00:00","og_image":[{"width":1921,"height":2560,"url":"https:\/\/www.ntf.uni-lj.si\/oto\/wp-content\/uploads\/sites\/6\/2026\/03\/RogExpo_foto-Marijo-Zupanov-arhiv-Centra-Rog-11-scaled.jpg","path":"\/web\/html\/ntf\/public_html\/wp-content\/uploads\/sites\/6\/2026\/03\/RogExpo_foto-Marijo-Zupanov-arhiv-Centra-Rog-11-scaled.jpg","size":"full","id":25146,"alt":"Avtor: Tadej \u0160andor, Foto: Marijo \u017dupanov","pixels":4917760,"type":"image\/jpeg"}],"twitter_misc":{"Est. reading time":"3 minutes"},"schema":{"@context":"https:\/\/schema.org","@graph":[{"@type":"WebSite","@id":"https:\/\/www.ntf.uni-lj.si\/oto\/en\/#website","url":"https:\/\/www.ntf.uni-lj.si\/oto\/en\/","name":"OTO","description":"Katedra za oblikovanje tekstilij in obla\u010dil","potentialAction":[{"@type":"SearchAction","target":{"@type":"EntryPoint","urlTemplate":"https:\/\/www.ntf.uni-lj.si\/oto\/en\/?s={search_term_string}"},"query-input":"required name=search_term_string"}],"inLanguage":"en-US"},{"@type":"ImageObject","@id":"https:\/\/www.ntf.uni-lj.si\/oto\/news\/identiteta-v-nakitu-na-sijw\/#primaryimage","inLanguage":"en-US","url":"https:\/\/www.ntf.uni-lj.si\/oto\/wp-content\/uploads\/sites\/6\/2026\/03\/RogExpo_foto-Marijo-Zupanov-arhiv-Centra-Rog-11-scaled.jpg","contentUrl":"https:\/\/www.ntf.uni-lj.si\/oto\/wp-content\/uploads\/sites\/6\/2026\/03\/RogExpo_foto-Marijo-Zupanov-arhiv-Centra-Rog-11-scaled.jpg","width":1921,"height":2560,"caption":"Avtor: Tadej \u0160andor, Foto: Marijo \u017dupanov"},{"@type":"WebPage","@id":"https:\/\/www.ntf.uni-lj.si\/oto\/news\/identiteta-v-nakitu-na-sijw\/#webpage","url":"https:\/\/www.ntf.uni-lj.si\/oto\/news\/identiteta-v-nakitu-na-sijw\/","name":"IDeNTITETA V NAKITU na SIJW - OTO","isPartOf":{"@id":"https:\/\/www.ntf.uni-lj.si\/oto\/en\/#website"},"primaryImageOfPage":{"@id":"https:\/\/www.ntf.uni-lj.si\/oto\/news\/identiteta-v-nakitu-na-sijw\/#primaryimage"},"datePublished":"2026-03-20T11:12:10+00:00","dateModified":"2026-03-27T13:16:20+00:00","breadcrumb":{"@id":"https:\/\/www.ntf.uni-lj.si\/oto\/news\/identiteta-v-nakitu-na-sijw\/#breadcrumb"},"inLanguage":"en-US","potentialAction":[{"@type":"ReadAction","target":["https:\/\/www.ntf.uni-lj.si\/oto\/news\/identiteta-v-nakitu-na-sijw\/"]}]},{"@type":"BreadcrumbList","@id":"https:\/\/www.ntf.uni-lj.si\/oto\/news\/identiteta-v-nakitu-na-sijw\/#breadcrumb","itemListElement":[{"@type":"ListItem","position":1,"name":"Home","item":"https:\/\/www.ntf.uni-lj.si\/oto\/en\/"},{"@type":"ListItem","position":2,"name":"Novice","item":"https:\/\/www.ntf.uni-lj.si\/oto\/news\/"},{"@type":"ListItem","position":3,"name":"IDeNTITETA V NAKITU na SIJW"}]}]}},"_links":{"self":[{"href":"https:\/\/www.ntf.uni-lj.si\/oto\/wp-json\/wp\/v2\/news\/25135"}],"collection":[{"href":"https:\/\/www.ntf.uni-lj.si\/oto\/wp-json\/wp\/v2\/news"}],"about":[{"href":"https:\/\/www.ntf.uni-lj.si\/oto\/wp-json\/wp\/v2\/types\/news"}],"author":[{"embeddable":true,"href":"https:\/\/www.ntf.uni-lj.si\/oto\/wp-json\/wp\/v2\/users\/50"}],"version-history":[{"count":24,"href":"https:\/\/www.ntf.uni-lj.si\/oto\/wp-json\/wp\/v2\/news\/25135\/revisions"}],"predecessor-version":[{"id":25325,"href":"https:\/\/www.ntf.uni-lj.si\/oto\/wp-json\/wp\/v2\/news\/25135\/revisions\/25325"}],"wp:featuredmedia":[{"embeddable":true,"href":"https:\/\/www.ntf.uni-lj.si\/oto\/wp-json\/wp\/v2\/media\/25146"}],"wp:attachment":[{"href":"https:\/\/www.ntf.uni-lj.si\/oto\/wp-json\/wp\/v2\/media?parent=25135"}],"wp:term":[{"taxonomy":"category","embeddable":true,"href":"https:\/\/www.ntf.uni-lj.si\/oto\/wp-json\/wp\/v2\/categories?post=25135"}],"curies":[{"name":"wp","href":"https:\/\/api.w.org\/{rel}","templated":true}]}}