{"id":25347,"date":"2026-03-23T13:56:59","date_gmt":"2026-03-23T12:56:59","guid":{"rendered":"https:\/\/www.ntf.uni-lj.si\/oto\/?post_type=news&#038;p=25347"},"modified":"2026-03-31T13:58:29","modified_gmt":"2026-03-31T11:58:29","slug":"koto-na-mednarodni-razstavi-krajine-kolektivnega-spomina","status":"publish","type":"news","link":"https:\/\/www.ntf.uni-lj.si\/oto\/news\/koto-na-mednarodni-razstavi-krajine-kolektivnega-spomina\/","title":{"rendered":"KOTO na mednarodni razstavi Krajine kolektivnega spomina"},"content":{"rendered":"<p>V petek, 20. marca, se je <strong>v Galeriji Janeza Puharja v Kranju<\/strong> otvorila mednarodna razstava <strong>Krajine kolektivnega spomina<\/strong>. Del razstave so tudi \u017eakardne tkanine, ki so nastale na Naravoslovnotehni\u0161ki fakulteti v povezavi z <em>Zavodom Carnica<\/em> in ustvarjalko <em>Klaro Debeljak<\/em>. Prvi del, priprava grafi\u010dnih predlog, je potekal pod mentorstvom britanskega umetnika <strong>Armanda D. Cosmosa<\/strong>; oblikovali so jih \u0161tudenti magistrskega \u0161tudija Oblikovanje tekstilij.<br \/>\nMotivi izdelanih tkanin se navdihujejo v bogati dedi\u0161\u010dini nekdanje slovenske tekstilne industrije, \u0161tudentje jih skozi sodobne interpretacije na novo vzpostavljajo v prostoru kolektivnega spomina.<\/p>\n<p>Razstava <em>Krajine kolektivnega spomina<\/em> zdru\u017euje tri raziskovalno-umetni\u0161ke projekte tekstilne dedi\u0161\u010dine Gr\u010dije, Poljske in Slovenije ter digitalni arhiv, ki so nastajali tekom projekta <strong>Knots and Patterns<\/strong>, podprtega s strani Evropske unije.<br \/>\nRazstava je na ogled do <strong>8. maja 2026<\/strong>. Ve\u010d o razstavi in projektu si lahko preberete na spletni strani <a href=\"https:\/\/layer.si\/bien\/kr\/knots-and-patterns-2026\/\" rel=\"noopener\" target=\"_blank\">Knots and Patterns<\/a>.<\/p>\n<h4 style=\"margin-top: 40px\">Avtorji \u0161tudentskih razstavljenih del<\/h4>\n<p>\u0160tudentke in \u0161tudenti podiplomskega \u0161tudija Oblikovanje tekstilij in obla\u010dil:<br \/>\n<em>Sara Petrushevska, Ana Ferjanc, Dragan Hristov in Maria Garc\u00eda<\/em><\/p>\n<h4 style=\"margin-top: 40px\">Mentorstvo in podpora<\/h4>\n<p>Dela so nastala kot rezultat delavnice Armanda D. Cosmosa.<br \/>\n<strong>Mentorice: <\/strong>prof. Marija Jenko, prof. dr. Matejka Bizjak, izr. prof. mag. Katja Burger Kovi\u010d, doc. dr. Klara Kostanj\u0161ek, doc. mag. Arijana Gad\u017eijev, asist. Kristi Komel<br \/>\n<strong>Kuratorka: <\/strong>Zala Orel<br \/>\n<strong>Oblikovanje razstave: <\/strong>Lovro Ivan\u010di\u0107<br \/>\n<strong>Fotografija: <\/strong>Jana Jocif<\/p>\n","protected":false},"excerpt":{"rendered":"V petek, 20. marca, se je v Galeriji Janeza Puharja v Kranju otvorila mednarodna razstava Krajine kolektivnega spomina. Del razstave so tudi \u017eakardne tkanine, ki so nastale na Naravoslovnotehni\u0161ki fakulteti v povezavi z Zavodom Carnica in ustvarjalko Klaro Debeljak. Prvi del, priprava grafi\u010dnih predlog, je potekal pod mentorstvom britanskega umetnika Armanda D. Cosmosa; oblikovali so &#8230; <a class=\"view-article\" href=\"https:\/\/www.ntf.uni-lj.si\/oto\/news\/koto-na-mednarodni-razstavi-krajine-kolektivnega-spomina\/\">Read more<\/a>","protected":false},"author":389,"featured_media":25355,"template":"","categories":[804,338,18],"acf":[],"yoast_head":"<!-- This site is optimized with the Yoast SEO plugin v17.0 - https:\/\/yoast.com\/wordpress\/plugins\/seo\/ -->\n<meta name=\"robots\" content=\"index, follow, max-snippet:-1, max-image-preview:large, max-video-preview:-1\" \/>\n<link rel=\"canonical\" href=\"https:\/\/www.ntf.uni-lj.si\/oto\/news\/koto-na-mednarodni-razstavi-krajine-kolektivnega-spomina\/\" \/>\n<meta property=\"og:locale\" content=\"en_US\" \/>\n<meta property=\"og:type\" content=\"article\" \/>\n<meta property=\"og:title\" content=\"KOTO na mednarodni razstavi Krajine kolektivnega spomina - OTO\" \/>\n<meta property=\"og:description\" content=\"V petek, 20. marca, se je v Galeriji Janeza Puharja v Kranju otvorila mednarodna razstava Krajine kolektivnega spomina. Del razstave so tudi \u017eakardne tkanine, ki so nastale na Naravoslovnotehni\u0161ki fakulteti v povezavi z Zavodom Carnica in ustvarjalko Klaro Debeljak. Prvi del, priprava grafi\u010dnih predlog, je potekal pod mentorstvom britanskega umetnika Armanda D. Cosmosa; oblikovali so ... Read more\" \/>\n<meta property=\"og:url\" content=\"https:\/\/www.ntf.uni-lj.si\/oto\/news\/koto-na-mednarodni-razstavi-krajine-kolektivnega-spomina\/\" \/>\n<meta property=\"og:site_name\" content=\"OTO\" \/>\n<meta property=\"article:modified_time\" content=\"2026-03-31T11:58:29+00:00\" \/>\n<meta property=\"og:image\" content=\"https:\/\/www.ntf.uni-lj.si\/oto\/wp-content\/uploads\/sites\/6\/2026\/03\/dsc_7817_55170370698_o-scaled.jpg\" \/>\n\t<meta property=\"og:image:width\" content=\"2560\" \/>\n\t<meta property=\"og:image:height\" content=\"1707\" \/>\n<meta name=\"twitter:label1\" content=\"Est. reading time\" \/>\n\t<meta name=\"twitter:data1\" content=\"1 minute\" \/>\n<script type=\"application\/ld+json\" class=\"yoast-schema-graph\">{\"@context\":\"https:\/\/schema.org\",\"@graph\":[{\"@type\":\"WebSite\",\"@id\":\"https:\/\/www.ntf.uni-lj.si\/oto\/en\/#website\",\"url\":\"https:\/\/www.ntf.uni-lj.si\/oto\/en\/\",\"name\":\"OTO\",\"description\":\"Katedra za oblikovanje tekstilij in obla\\u010dil\",\"potentialAction\":[{\"@type\":\"SearchAction\",\"target\":{\"@type\":\"EntryPoint\",\"urlTemplate\":\"https:\/\/www.ntf.uni-lj.si\/oto\/en\/?s={search_term_string}\"},\"query-input\":\"required name=search_term_string\"}],\"inLanguage\":\"en-US\"},{\"@type\":\"ImageObject\",\"@id\":\"https:\/\/www.ntf.uni-lj.si\/oto\/news\/koto-na-mednarodni-razstavi-krajine-kolektivnega-spomina\/#primaryimage\",\"inLanguage\":\"en-US\",\"url\":\"https:\/\/www.ntf.uni-lj.si\/oto\/wp-content\/uploads\/sites\/6\/2026\/03\/dsc_7817_55170370698_o-scaled.jpg\",\"contentUrl\":\"https:\/\/www.ntf.uni-lj.si\/oto\/wp-content\/uploads\/sites\/6\/2026\/03\/dsc_7817_55170370698_o-scaled.jpg\",\"width\":2560,\"height\":1707},{\"@type\":\"WebPage\",\"@id\":\"https:\/\/www.ntf.uni-lj.si\/oto\/news\/koto-na-mednarodni-razstavi-krajine-kolektivnega-spomina\/#webpage\",\"url\":\"https:\/\/www.ntf.uni-lj.si\/oto\/news\/koto-na-mednarodni-razstavi-krajine-kolektivnega-spomina\/\",\"name\":\"KOTO na mednarodni razstavi Krajine kolektivnega spomina - OTO\",\"isPartOf\":{\"@id\":\"https:\/\/www.ntf.uni-lj.si\/oto\/en\/#website\"},\"primaryImageOfPage\":{\"@id\":\"https:\/\/www.ntf.uni-lj.si\/oto\/news\/koto-na-mednarodni-razstavi-krajine-kolektivnega-spomina\/#primaryimage\"},\"datePublished\":\"2026-03-23T12:56:59+00:00\",\"dateModified\":\"2026-03-31T11:58:29+00:00\",\"breadcrumb\":{\"@id\":\"https:\/\/www.ntf.uni-lj.si\/oto\/news\/koto-na-mednarodni-razstavi-krajine-kolektivnega-spomina\/#breadcrumb\"},\"inLanguage\":\"en-US\",\"potentialAction\":[{\"@type\":\"ReadAction\",\"target\":[\"https:\/\/www.ntf.uni-lj.si\/oto\/news\/koto-na-mednarodni-razstavi-krajine-kolektivnega-spomina\/\"]}]},{\"@type\":\"BreadcrumbList\",\"@id\":\"https:\/\/www.ntf.uni-lj.si\/oto\/news\/koto-na-mednarodni-razstavi-krajine-kolektivnega-spomina\/#breadcrumb\",\"itemListElement\":[{\"@type\":\"ListItem\",\"position\":1,\"name\":\"Home\",\"item\":\"https:\/\/www.ntf.uni-lj.si\/oto\/en\/\"},{\"@type\":\"ListItem\",\"position\":2,\"name\":\"Novice\",\"item\":\"https:\/\/www.ntf.uni-lj.si\/oto\/news\/\"},{\"@type\":\"ListItem\",\"position\":3,\"name\":\"KOTO na mednarodni razstavi Krajine kolektivnega spomina\"}]}]}<\/script>\n<!-- \/ Yoast SEO plugin. -->","yoast_head_json":{"robots":{"index":"index","follow":"follow","max-snippet":"max-snippet:-1","max-image-preview":"max-image-preview:large","max-video-preview":"max-video-preview:-1"},"canonical":"https:\/\/www.ntf.uni-lj.si\/oto\/news\/koto-na-mednarodni-razstavi-krajine-kolektivnega-spomina\/","og_locale":"en_US","og_type":"article","og_title":"KOTO na mednarodni razstavi Krajine kolektivnega spomina - OTO","og_description":"V petek, 20. marca, se je v Galeriji Janeza Puharja v Kranju otvorila mednarodna razstava Krajine kolektivnega spomina. Del razstave so tudi \u017eakardne tkanine, ki so nastale na Naravoslovnotehni\u0161ki fakulteti v povezavi z Zavodom Carnica in ustvarjalko Klaro Debeljak. Prvi del, priprava grafi\u010dnih predlog, je potekal pod mentorstvom britanskega umetnika Armanda D. Cosmosa; oblikovali so ... Read more","og_url":"https:\/\/www.ntf.uni-lj.si\/oto\/news\/koto-na-mednarodni-razstavi-krajine-kolektivnega-spomina\/","og_site_name":"OTO","article_modified_time":"2026-03-31T11:58:29+00:00","og_image":[{"width":2560,"height":1707,"url":"https:\/\/www.ntf.uni-lj.si\/oto\/wp-content\/uploads\/sites\/6\/2026\/03\/dsc_7817_55170370698_o-scaled.jpg","path":"\/web\/html\/ntf\/public_html\/wp-content\/uploads\/sites\/6\/2026\/03\/dsc_7817_55170370698_o-scaled.jpg","size":"full","id":25355,"alt":"","pixels":4369920,"type":"image\/jpeg"}],"twitter_misc":{"Est. reading time":"1 minute"},"schema":{"@context":"https:\/\/schema.org","@graph":[{"@type":"WebSite","@id":"https:\/\/www.ntf.uni-lj.si\/oto\/en\/#website","url":"https:\/\/www.ntf.uni-lj.si\/oto\/en\/","name":"OTO","description":"Katedra za oblikovanje tekstilij in obla\u010dil","potentialAction":[{"@type":"SearchAction","target":{"@type":"EntryPoint","urlTemplate":"https:\/\/www.ntf.uni-lj.si\/oto\/en\/?s={search_term_string}"},"query-input":"required name=search_term_string"}],"inLanguage":"en-US"},{"@type":"ImageObject","@id":"https:\/\/www.ntf.uni-lj.si\/oto\/news\/koto-na-mednarodni-razstavi-krajine-kolektivnega-spomina\/#primaryimage","inLanguage":"en-US","url":"https:\/\/www.ntf.uni-lj.si\/oto\/wp-content\/uploads\/sites\/6\/2026\/03\/dsc_7817_55170370698_o-scaled.jpg","contentUrl":"https:\/\/www.ntf.uni-lj.si\/oto\/wp-content\/uploads\/sites\/6\/2026\/03\/dsc_7817_55170370698_o-scaled.jpg","width":2560,"height":1707},{"@type":"WebPage","@id":"https:\/\/www.ntf.uni-lj.si\/oto\/news\/koto-na-mednarodni-razstavi-krajine-kolektivnega-spomina\/#webpage","url":"https:\/\/www.ntf.uni-lj.si\/oto\/news\/koto-na-mednarodni-razstavi-krajine-kolektivnega-spomina\/","name":"KOTO na mednarodni razstavi Krajine kolektivnega spomina - OTO","isPartOf":{"@id":"https:\/\/www.ntf.uni-lj.si\/oto\/en\/#website"},"primaryImageOfPage":{"@id":"https:\/\/www.ntf.uni-lj.si\/oto\/news\/koto-na-mednarodni-razstavi-krajine-kolektivnega-spomina\/#primaryimage"},"datePublished":"2026-03-23T12:56:59+00:00","dateModified":"2026-03-31T11:58:29+00:00","breadcrumb":{"@id":"https:\/\/www.ntf.uni-lj.si\/oto\/news\/koto-na-mednarodni-razstavi-krajine-kolektivnega-spomina\/#breadcrumb"},"inLanguage":"en-US","potentialAction":[{"@type":"ReadAction","target":["https:\/\/www.ntf.uni-lj.si\/oto\/news\/koto-na-mednarodni-razstavi-krajine-kolektivnega-spomina\/"]}]},{"@type":"BreadcrumbList","@id":"https:\/\/www.ntf.uni-lj.si\/oto\/news\/koto-na-mednarodni-razstavi-krajine-kolektivnega-spomina\/#breadcrumb","itemListElement":[{"@type":"ListItem","position":1,"name":"Home","item":"https:\/\/www.ntf.uni-lj.si\/oto\/en\/"},{"@type":"ListItem","position":2,"name":"Novice","item":"https:\/\/www.ntf.uni-lj.si\/oto\/news\/"},{"@type":"ListItem","position":3,"name":"KOTO na mednarodni razstavi Krajine kolektivnega spomina"}]}]}},"_links":{"self":[{"href":"https:\/\/www.ntf.uni-lj.si\/oto\/wp-json\/wp\/v2\/news\/25347"}],"collection":[{"href":"https:\/\/www.ntf.uni-lj.si\/oto\/wp-json\/wp\/v2\/news"}],"about":[{"href":"https:\/\/www.ntf.uni-lj.si\/oto\/wp-json\/wp\/v2\/types\/news"}],"author":[{"embeddable":true,"href":"https:\/\/www.ntf.uni-lj.si\/oto\/wp-json\/wp\/v2\/users\/389"}],"version-history":[{"count":9,"href":"https:\/\/www.ntf.uni-lj.si\/oto\/wp-json\/wp\/v2\/news\/25347\/revisions"}],"predecessor-version":[{"id":25364,"href":"https:\/\/www.ntf.uni-lj.si\/oto\/wp-json\/wp\/v2\/news\/25347\/revisions\/25364"}],"wp:featuredmedia":[{"embeddable":true,"href":"https:\/\/www.ntf.uni-lj.si\/oto\/wp-json\/wp\/v2\/media\/25355"}],"wp:attachment":[{"href":"https:\/\/www.ntf.uni-lj.si\/oto\/wp-json\/wp\/v2\/media?parent=25347"}],"wp:term":[{"taxonomy":"category","embeddable":true,"href":"https:\/\/www.ntf.uni-lj.si\/oto\/wp-json\/wp\/v2\/categories?post=25347"}],"curies":[{"name":"wp","href":"https:\/\/api.w.org\/{rel}","templated":true}]}}