{"id":5642,"date":"2015-05-06T11:42:39","date_gmt":"2015-05-06T09:42:39","guid":{"rendered":"http:\/\/www.ntf.uni-lj.si\/oto\/?post_type=news&#038;p=5642"},"modified":"2015-06-23T11:38:29","modified_gmt":"2015-06-23T09:38:29","slug":"prostorski-kontekst","status":"publish","type":"news","link":"https:\/\/www.ntf.uni-lj.si\/oto\/news\/prostorski-kontekst\/","title":{"rendered":"Prostorski kontekst"},"content":{"rendered":"<p>Vljudno vabljeni na simpozij z naslovom <strong>MAKS FABIANI \/ PROSTORSKI KONTEKST \/ TEKSTURA \/ TEKSTIL \/ TEKST<\/strong> , ki bo v \u010detrtek, 7. maja 2015 ob 15. uri na Naravoslovnotehni\u0161ki fakulteti, na Sne\u017eni\u0161ki ulici 5 v Ljubljani. Zve\u010der, istega dne, pa vabljeni v &#8220;Mitnico&#8221; &#8211; razstavni paviljon pred Naravoslovnotehni\u0161ko fakulteto, kjer bo ob 19. uri otvoritev razstave \u0161tudentov KOTO z naslovom <strong>FABIANIJEVI SPOMENIKI<\/strong>. Razstava je nastala pod mentorstvom in kuratorstvom prof. Marije Jenko in arhitekta Janka Ro\u017ei\u010da ter v sodelovanju z <a href=\"http:\/\/ri19plus.si\/?p=4206\">Raziskovalnim in\u0161titutom za vizualno kulturo od 19. stoletja do sodobnosti<\/a> in <a href=\"http:\/\/www.zag.si\/si\/novice\/fabianijevi-spomeniki-v-paviljonu-mitnica\">Zavodom za gradbeni\u0161tvo Slovenije<\/a>. Dogodek obele\u017euje jubilejno 150. obletnico rojstva slovenskega arhitekta Maksa Fabianija.<\/p>\n<p>&nbsp;<\/p>\n","protected":false},"excerpt":{"rendered":"Vljudno vabljeni na simpozij z naslovom MAKS FABIANI \/ PROSTORSKI KONTEKST \/ TEKSTURA \/ TEKSTIL \/ TEKST , ki bo v \u010detrtek, 7. maja 2015 ob 15. uri na Naravoslovnotehni\u0161ki fakulteti, na Sne\u017eni\u0161ki ulici 5 v Ljubljani. Zve\u010der, istega dne, pa vabljeni v &#8220;Mitnico&#8221; &#8211; razstavni paviljon pred Naravoslovnotehni\u0161ko fakulteto, kjer bo ob 19. uri &#8230; <a class=\"view-article\" href=\"https:\/\/www.ntf.uni-lj.si\/oto\/news\/prostorski-kontekst\/\">Read more<\/a>","protected":false},"author":27,"featured_media":0,"template":"","categories":[],"class_list":["post-5642","news","type-news","status-publish","hentry"],"acf":[],"_links":{"self":[{"href":"https:\/\/www.ntf.uni-lj.si\/oto\/wp-json\/wp\/v2\/news\/5642","targetHints":{"allow":["GET"]}}],"collection":[{"href":"https:\/\/www.ntf.uni-lj.si\/oto\/wp-json\/wp\/v2\/news"}],"about":[{"href":"https:\/\/www.ntf.uni-lj.si\/oto\/wp-json\/wp\/v2\/types\/news"}],"author":[{"embeddable":true,"href":"https:\/\/www.ntf.uni-lj.si\/oto\/wp-json\/wp\/v2\/users\/27"}],"version-history":[{"count":7,"href":"https:\/\/www.ntf.uni-lj.si\/oto\/wp-json\/wp\/v2\/news\/5642\/revisions"}],"predecessor-version":[{"id":5905,"href":"https:\/\/www.ntf.uni-lj.si\/oto\/wp-json\/wp\/v2\/news\/5642\/revisions\/5905"}],"wp:attachment":[{"href":"https:\/\/www.ntf.uni-lj.si\/oto\/wp-json\/wp\/v2\/media?parent=5642"}],"wp:term":[{"taxonomy":"category","embeddable":true,"href":"https:\/\/www.ntf.uni-lj.si\/oto\/wp-json\/wp\/v2\/categories?post=5642"}],"curies":[{"name":"wp","href":"https:\/\/api.w.org\/{rel}","templated":true}]}}