{"id":8406,"date":"2016-06-06T11:50:26","date_gmt":"2016-06-06T09:50:26","guid":{"rendered":"http:\/\/www.ntf.uni-lj.si\/oto\/?post_type=news&#038;p=8406"},"modified":"2016-06-06T13:06:22","modified_gmt":"2016-06-06T11:06:22","slug":"moda-v-muzeju","status":"publish","type":"news","link":"https:\/\/www.ntf.uni-lj.si\/oto\/news\/moda-v-muzeju\/","title":{"rendered":"MODA V MUZEJU"},"content":{"rendered":"<p>V <strong><a href=\"http:\/\/www.museum-mb.si\/\">Pokrajinskem Muzeju Maribor<\/a><\/strong> je med <strong>5. 5. in 26. 5. 2016<\/strong> potekal vsakoletni dogodek <strong><a href=\"http:\/\/www.museum-mb.si\/razstave_in_dogodki\/0\/\/378\">Mesec Mode v Muzeju\u00a02016<\/a><\/strong>. Leto\u0161nja tema je bila <strong>\u010cipke in vezenine<\/strong>. <a href=\"http:\/\/www.ntf.uni-lj.si\/oto\/\">Katedra za oblikovanje tekstilij in obla\u010dil<\/a> <a href=\"http:\/\/www.ntf.uni-lj.si\/ntf\/\">Naravoslovnotehni\u0161ke fakultete UL<\/a> je letos prvi\u010d sodelovala na dogodku s projektom <a href=\"https:\/\/www.ntf.uni-lj.si\/oto\/event\/1-letnik-na-ljfw-2016\/\">Hortifashion<\/a> <strong><a href=\"http:\/\/www.ntf.uni-lj.si\/oto\/studij\/1-stopnja\/oblikovanje-tekstilij-in-oblacil-un\/\">1. letnika dodiplomskega \u0161tudija oblikovanja tekstilij in obla\u010dil<\/a><\/strong>. V \u010detrtek, 12. 5. 2016 je ob 18. uri v tematskem sklopu <strong>MODA IN MLADI<\/strong> v prostorih muzeja potekala otvoritvena modna revija s predstavitvijo in razstavami \u0161tudentov oblikovanja tekstilij in obla\u010dil <a href=\"https:\/\/www.uni-lj.si\/\">Univerze v Ljubljani<\/a> ter \u0161tudentov oblikovanja obla\u010dil in tekstilnih materialov <a href=\"http:\/\/www.um.si\/Strani\/default.aspx\">Univerze v Mariboru<\/a> in <a href=\"http:\/\/www.unizg.hr\/\">Univerze v Zagrebu<\/a>. \u00a0Na predstavitvi in razstavi so s svojimi izdelki sodelovali \u0161tudentje OTO: <strong>Nina \u017dnider\u0161i\u010d<\/strong>, <strong>Karin Gosenica<\/strong>, <strong>Pia Po\u017eek<\/strong>, <strong>Ajda Rep<\/strong>, <strong>Jana Mohar<\/strong>, <strong>Monika Ivanu\u0161a<\/strong>, <strong>Dominika Rozina<\/strong>, <strong>Klara Re\u0161eti\u010d<\/strong>, <strong>Mark Cvelbar<\/strong>, <strong>Katrin Ve\u010derina<\/strong>, <strong>Ela Vehovec<\/strong>, <strong>Barbara Su\u0161nik<\/strong>, <strong>Ga\u0161per Gaj\u0161ek<\/strong>, <strong>Tina Dovjak<\/strong>, <strong>Ur\u0161ka Medved<\/strong>, <strong>Marjetka Lucija Prelog<\/strong>, <strong>Ne\u017ea Cigale<\/strong>, <strong>Uro\u0161 Topi\u0107<\/strong>, <strong>Eva Lipnik<\/strong>, <strong>Milka Marin<\/strong>, <strong>Kaja Bakan<\/strong>, <strong>Tina Crnkovi\u010d<\/strong> in <strong>Sara Gri\u017eon<\/strong>.<\/p>\n","protected":false},"excerpt":{"rendered":"V Pokrajinskem Muzeju Maribor je med 5. 5. in 26. 5. 2016 potekal vsakoletni dogodek Mesec Mode v Muzeju\u00a02016. Leto\u0161nja tema je bila \u010cipke in vezenine. Katedra za oblikovanje tekstilij in obla\u010dil Naravoslovnotehni\u0161ke fakultete UL je letos prvi\u010d sodelovala na dogodku s projektom Hortifashion 1. letnika dodiplomskega \u0161tudija oblikovanja tekstilij in obla\u010dil. V \u010detrtek, 12. &#8230; <a class=\"view-article\" href=\"https:\/\/www.ntf.uni-lj.si\/oto\/news\/moda-v-muzeju\/\">Read more<\/a>","protected":false},"author":27,"featured_media":8435,"template":"","categories":[],"acf":[],"yoast_head":"<!-- This site is optimized with the Yoast SEO plugin v17.0 - https:\/\/yoast.com\/wordpress\/plugins\/seo\/ -->\n<meta name=\"robots\" content=\"index, follow, max-snippet:-1, max-image-preview:large, max-video-preview:-1\" \/>\n<link rel=\"canonical\" href=\"https:\/\/www.ntf.uni-lj.si\/oto\/news\/moda-v-muzeju\/\" \/>\n<meta property=\"og:locale\" content=\"en_US\" \/>\n<meta property=\"og:type\" content=\"article\" \/>\n<meta property=\"og:title\" content=\"MODA V MUZEJU - OTO\" \/>\n<meta property=\"og:description\" content=\"V Pokrajinskem Muzeju Maribor je med 5. 5. in 26. 5. 2016 potekal vsakoletni dogodek Mesec Mode v Muzeju\u00a02016. Leto\u0161nja tema je bila \u010cipke in vezenine. Katedra za oblikovanje tekstilij in obla\u010dil Naravoslovnotehni\u0161ke fakultete UL je letos prvi\u010d sodelovala na dogodku s projektom Hortifashion 1. letnika dodiplomskega \u0161tudija oblikovanja tekstilij in obla\u010dil. V \u010detrtek, 12. ... Read more\" \/>\n<meta property=\"og:url\" content=\"https:\/\/www.ntf.uni-lj.si\/oto\/news\/moda-v-muzeju\/\" \/>\n<meta property=\"og:site_name\" content=\"OTO\" \/>\n<meta property=\"article:modified_time\" content=\"2016-06-06T11:06:22+00:00\" \/>\n<meta property=\"og:image\" content=\"https:\/\/www.ntf.uni-lj.si\/oto\/wp-content\/uploads\/sites\/6\/2016\/06\/DSC_8081-1024x683.jpg\" \/>\n\t<meta property=\"og:image:width\" content=\"1024\" \/>\n\t<meta property=\"og:image:height\" content=\"683\" \/>\n<meta name=\"twitter:label1\" content=\"Est. reading time\" \/>\n\t<meta name=\"twitter:data1\" content=\"1 minute\" \/>\n<script type=\"application\/ld+json\" class=\"yoast-schema-graph\">{\"@context\":\"https:\/\/schema.org\",\"@graph\":[{\"@type\":\"WebSite\",\"@id\":\"https:\/\/www.ntf.uni-lj.si\/oto\/en\/#website\",\"url\":\"https:\/\/www.ntf.uni-lj.si\/oto\/en\/\",\"name\":\"OTO\",\"description\":\"Katedra za oblikovanje tekstilij in obla\\u010dil\",\"potentialAction\":[{\"@type\":\"SearchAction\",\"target\":{\"@type\":\"EntryPoint\",\"urlTemplate\":\"https:\/\/www.ntf.uni-lj.si\/oto\/en\/?s={search_term_string}\"},\"query-input\":\"required name=search_term_string\"}],\"inLanguage\":\"en-US\"},{\"@type\":\"ImageObject\",\"@id\":\"https:\/\/www.ntf.uni-lj.si\/oto\/news\/moda-v-muzeju\/#primaryimage\",\"inLanguage\":\"en-US\",\"url\":\"https:\/\/www.ntf.uni-lj.si\/oto\/wp-content\/uploads\/sites\/6\/2016\/06\/DSC_8081.jpg\",\"contentUrl\":\"https:\/\/www.ntf.uni-lj.si\/oto\/wp-content\/uploads\/sites\/6\/2016\/06\/DSC_8081.jpg\",\"width\":6000,\"height\":4000},{\"@type\":\"WebPage\",\"@id\":\"https:\/\/www.ntf.uni-lj.si\/oto\/news\/moda-v-muzeju\/#webpage\",\"url\":\"https:\/\/www.ntf.uni-lj.si\/oto\/news\/moda-v-muzeju\/\",\"name\":\"MODA V MUZEJU - OTO\",\"isPartOf\":{\"@id\":\"https:\/\/www.ntf.uni-lj.si\/oto\/en\/#website\"},\"primaryImageOfPage\":{\"@id\":\"https:\/\/www.ntf.uni-lj.si\/oto\/news\/moda-v-muzeju\/#primaryimage\"},\"datePublished\":\"2016-06-06T09:50:26+00:00\",\"dateModified\":\"2016-06-06T11:06:22+00:00\",\"breadcrumb\":{\"@id\":\"https:\/\/www.ntf.uni-lj.si\/oto\/news\/moda-v-muzeju\/#breadcrumb\"},\"inLanguage\":\"en-US\",\"potentialAction\":[{\"@type\":\"ReadAction\",\"target\":[\"https:\/\/www.ntf.uni-lj.si\/oto\/news\/moda-v-muzeju\/\"]}]},{\"@type\":\"BreadcrumbList\",\"@id\":\"https:\/\/www.ntf.uni-lj.si\/oto\/news\/moda-v-muzeju\/#breadcrumb\",\"itemListElement\":[{\"@type\":\"ListItem\",\"position\":1,\"name\":\"Home\",\"item\":\"https:\/\/www.ntf.uni-lj.si\/oto\/en\/\"},{\"@type\":\"ListItem\",\"position\":2,\"name\":\"Novice\",\"item\":\"https:\/\/www.ntf.uni-lj.si\/oto\/news\/\"},{\"@type\":\"ListItem\",\"position\":3,\"name\":\"MODA V MUZEJU\"}]}]}<\/script>\n<!-- \/ Yoast SEO plugin. -->","yoast_head_json":{"robots":{"index":"index","follow":"follow","max-snippet":"max-snippet:-1","max-image-preview":"max-image-preview:large","max-video-preview":"max-video-preview:-1"},"canonical":"https:\/\/www.ntf.uni-lj.si\/oto\/news\/moda-v-muzeju\/","og_locale":"en_US","og_type":"article","og_title":"MODA V MUZEJU - OTO","og_description":"V Pokrajinskem Muzeju Maribor je med 5. 5. in 26. 5. 2016 potekal vsakoletni dogodek Mesec Mode v Muzeju\u00a02016. Leto\u0161nja tema je bila \u010cipke in vezenine. Katedra za oblikovanje tekstilij in obla\u010dil Naravoslovnotehni\u0161ke fakultete UL je letos prvi\u010d sodelovala na dogodku s projektom Hortifashion 1. letnika dodiplomskega \u0161tudija oblikovanja tekstilij in obla\u010dil. V \u010detrtek, 12. ... Read more","og_url":"https:\/\/www.ntf.uni-lj.si\/oto\/news\/moda-v-muzeju\/","og_site_name":"OTO","article_modified_time":"2016-06-06T11:06:22+00:00","og_image":[{"width":1024,"height":683,"path":"2016\/06\/DSC_8081-1024x683.jpg","url":"https:\/\/www.ntf.uni-lj.si\/oto\/wp-content\/uploads\/sites\/6\/2016\/06\/DSC_8081-1024x683.jpg","size":"large","id":8435,"alt":"","pixels":699392,"type":"image\/jpeg"}],"twitter_misc":{"Est. reading time":"1 minute"},"schema":{"@context":"https:\/\/schema.org","@graph":[{"@type":"WebSite","@id":"https:\/\/www.ntf.uni-lj.si\/oto\/en\/#website","url":"https:\/\/www.ntf.uni-lj.si\/oto\/en\/","name":"OTO","description":"Katedra za oblikovanje tekstilij in obla\u010dil","potentialAction":[{"@type":"SearchAction","target":{"@type":"EntryPoint","urlTemplate":"https:\/\/www.ntf.uni-lj.si\/oto\/en\/?s={search_term_string}"},"query-input":"required name=search_term_string"}],"inLanguage":"en-US"},{"@type":"ImageObject","@id":"https:\/\/www.ntf.uni-lj.si\/oto\/news\/moda-v-muzeju\/#primaryimage","inLanguage":"en-US","url":"https:\/\/www.ntf.uni-lj.si\/oto\/wp-content\/uploads\/sites\/6\/2016\/06\/DSC_8081.jpg","contentUrl":"https:\/\/www.ntf.uni-lj.si\/oto\/wp-content\/uploads\/sites\/6\/2016\/06\/DSC_8081.jpg","width":6000,"height":4000},{"@type":"WebPage","@id":"https:\/\/www.ntf.uni-lj.si\/oto\/news\/moda-v-muzeju\/#webpage","url":"https:\/\/www.ntf.uni-lj.si\/oto\/news\/moda-v-muzeju\/","name":"MODA V MUZEJU - OTO","isPartOf":{"@id":"https:\/\/www.ntf.uni-lj.si\/oto\/en\/#website"},"primaryImageOfPage":{"@id":"https:\/\/www.ntf.uni-lj.si\/oto\/news\/moda-v-muzeju\/#primaryimage"},"datePublished":"2016-06-06T09:50:26+00:00","dateModified":"2016-06-06T11:06:22+00:00","breadcrumb":{"@id":"https:\/\/www.ntf.uni-lj.si\/oto\/news\/moda-v-muzeju\/#breadcrumb"},"inLanguage":"en-US","potentialAction":[{"@type":"ReadAction","target":["https:\/\/www.ntf.uni-lj.si\/oto\/news\/moda-v-muzeju\/"]}]},{"@type":"BreadcrumbList","@id":"https:\/\/www.ntf.uni-lj.si\/oto\/news\/moda-v-muzeju\/#breadcrumb","itemListElement":[{"@type":"ListItem","position":1,"name":"Home","item":"https:\/\/www.ntf.uni-lj.si\/oto\/en\/"},{"@type":"ListItem","position":2,"name":"Novice","item":"https:\/\/www.ntf.uni-lj.si\/oto\/news\/"},{"@type":"ListItem","position":3,"name":"MODA V MUZEJU"}]}]}},"_links":{"self":[{"href":"https:\/\/www.ntf.uni-lj.si\/oto\/wp-json\/wp\/v2\/news\/8406"}],"collection":[{"href":"https:\/\/www.ntf.uni-lj.si\/oto\/wp-json\/wp\/v2\/news"}],"about":[{"href":"https:\/\/www.ntf.uni-lj.si\/oto\/wp-json\/wp\/v2\/types\/news"}],"author":[{"embeddable":true,"href":"https:\/\/www.ntf.uni-lj.si\/oto\/wp-json\/wp\/v2\/users\/27"}],"version-history":[{"count":2,"href":"https:\/\/www.ntf.uni-lj.si\/oto\/wp-json\/wp\/v2\/news\/8406\/revisions"}],"predecessor-version":[{"id":8408,"href":"https:\/\/www.ntf.uni-lj.si\/oto\/wp-json\/wp\/v2\/news\/8406\/revisions\/8408"}],"wp:featuredmedia":[{"embeddable":true,"href":"https:\/\/www.ntf.uni-lj.si\/oto\/wp-json\/wp\/v2\/media\/8435"}],"wp:attachment":[{"href":"https:\/\/www.ntf.uni-lj.si\/oto\/wp-json\/wp\/v2\/media?parent=8406"}],"wp:term":[{"taxonomy":"category","embeddable":true,"href":"https:\/\/www.ntf.uni-lj.si\/oto\/wp-json\/wp\/v2\/categories?post=8406"}],"curies":[{"name":"wp","href":"https:\/\/api.w.org\/{rel}","templated":true}]}}