{"id":9791,"date":"2017-01-30T14:19:19","date_gmt":"2017-01-30T13:19:19","guid":{"rendered":"http:\/\/www.ntf.uni-lj.si\/oto\/?post_type=news&#038;p=9791"},"modified":"2017-02-06T10:22:21","modified_gmt":"2017-02-06T09:22:21","slug":"informativa-2017-na-gr","status":"publish","type":"news","link":"https:\/\/www.ntf.uni-lj.si\/oto\/news\/informativa-2017-na-gr\/","title":{"rendered":"Informativa 2017 na GR"},"content":{"rendered":"<p><strong>27. in 28. januarja<\/strong> smo na\u0161 \u0161tudijski program\u00a0predstavili na sejmu <strong>Informativa 2017<\/strong> na Gospodarskem razstavi\u0161\u010du v Ljubljani.<\/p>\n<p>Ve\u010d informacij o \u0161tudiju modnega in tekstilnega oblikovanja najdete na strani:<br \/>\n<a href=\"http:\/\/www.ntf.uni-lj.si\/oto\/studij\/1-stopnja\/oblikovanje-tekstilij-in-oblacil-un\/\">www.ntf.uni-lj.si\/oto<\/a><br \/>\nVabljeni tudi na <em><strong>Informativna dneva<\/strong><\/em> na \u0161tudijskem programu <strong>Oblikovanje tekstilij in obla\u010dil<\/strong><strong>,<\/strong>\u00a0 na <em>Oddelku za tekstilstvo, grafiko in oblikovanje na NTF &#8211; UL<\/em>, ki bosta potekala<\/p>\n<p><strong>v petek 10.2.2017 in\u00a0v soboto 11.2.2017\u00a0<\/strong><strong>na lokaciji Sne\u017eni\u0161ki 5, Ljubljana.<\/strong><\/p>\n<blockquote class=\"wp-embedded-content\" data-secret=\"iy4iIqKtdC\"><p><a href=\"https:\/\/www.ntf.uni-lj.si\/oto\/news\/informativna-dneva-10-2-in-11-2-2017\/\">Informativna dneva 10. 2. in 11. 2. 2017<\/a><\/p><\/blockquote>\n<p><iframe loading=\"lazy\" class=\"wp-embedded-content\" sandbox=\"allow-scripts\" security=\"restricted\" style=\"position: absolute; visibility: hidden;\" title=\"\u201cInformativna dneva 10. 2. in 11. 2. 2017\u201d \u2014 OTO\" src=\"https:\/\/www.ntf.uni-lj.si\/oto\/news\/informativna-dneva-10-2-in-11-2-2017\/embed\/#?secret=6xyLIxNCDN#?secret=iy4iIqKtdC\" data-secret=\"iy4iIqKtdC\" width=\"500\" height=\"282\" frameborder=\"0\" marginwidth=\"0\" marginheight=\"0\" scrolling=\"no\"><\/iframe><\/p>\n<p>Vtise iz leto\u0161nje predstavitve na\u00a0Informativi, kjer je\u00a0bilo predstavljeno <strong>obla\u010dilo Lovra Ivan\u010di\u0107a in nakit Nine Toma\u017ein<\/strong> \u00a0si lahko pogledate v spodnji galeriji. Poklic modnega oblikovalca je dodatno predstavila <strong>as. Petja Zorec.<\/strong><\/p>\n<p>&nbsp;<\/p>\n","protected":false},"excerpt":{"rendered":"27. in 28. januarja smo na\u0161 \u0161tudijski program\u00a0predstavili na sejmu Informativa 2017 na Gospodarskem razstavi\u0161\u010du v Ljubljani. Ve\u010d informacij o \u0161tudiju modnega in tekstilnega oblikovanja najdete na strani: www.ntf.uni-lj.si\/oto Vabljeni tudi na Informativna dneva na \u0161tudijskem programu Oblikovanje tekstilij in obla\u010dil,\u00a0 na Oddelku za tekstilstvo, grafiko in oblikovanje na NTF &#8211; UL, ki bosta potekala &#8230; <a class=\"view-article\" href=\"https:\/\/www.ntf.uni-lj.si\/oto\/news\/informativa-2017-na-gr\/\">Read more<\/a>","protected":false},"author":49,"featured_media":9796,"template":"","categories":[],"class_list":["post-9791","news","type-news","status-publish","has-post-thumbnail","hentry"],"acf":[],"_links":{"self":[{"href":"https:\/\/www.ntf.uni-lj.si\/oto\/wp-json\/wp\/v2\/news\/9791","targetHints":{"allow":["GET"]}}],"collection":[{"href":"https:\/\/www.ntf.uni-lj.si\/oto\/wp-json\/wp\/v2\/news"}],"about":[{"href":"https:\/\/www.ntf.uni-lj.si\/oto\/wp-json\/wp\/v2\/types\/news"}],"author":[{"embeddable":true,"href":"https:\/\/www.ntf.uni-lj.si\/oto\/wp-json\/wp\/v2\/users\/49"}],"version-history":[{"count":8,"href":"https:\/\/www.ntf.uni-lj.si\/oto\/wp-json\/wp\/v2\/news\/9791\/revisions"}],"predecessor-version":[{"id":9813,"href":"https:\/\/www.ntf.uni-lj.si\/oto\/wp-json\/wp\/v2\/news\/9791\/revisions\/9813"}],"wp:featuredmedia":[{"embeddable":true,"href":"https:\/\/www.ntf.uni-lj.si\/oto\/wp-json\/wp\/v2\/media\/9796"}],"wp:attachment":[{"href":"https:\/\/www.ntf.uni-lj.si\/oto\/wp-json\/wp\/v2\/media?parent=9791"}],"wp:term":[{"taxonomy":"category","embeddable":true,"href":"https:\/\/www.ntf.uni-lj.si\/oto\/wp-json\/wp\/v2\/categories?post=9791"}],"curies":[{"name":"wp","href":"https:\/\/api.w.org\/{rel}","templated":true}]}}