{"id":16348,"date":"2021-07-02T08:02:57","date_gmt":"2021-07-02T06:02:57","guid":{"rendered":"http:\/\/www.ntf.uni-lj.si\/toi\/?post_type=news&#038;p=16348"},"modified":"2021-07-02T08:03:27","modified_gmt":"2021-07-02T06:03:27","slug":"16348","status":"publish","type":"news","link":"https:\/\/www.ntf.uni-lj.si\/toi\/news\/16348\/","title":{"rendered":"Virtualne razstave \u0161tudentov tekstilstva"},"content":{"rendered":"<p>Vabljeni na virtualno predstavitev izdelkov \u0161tudentov \u0161tudijskih programov <a href=\"https:\/\/www.ntf.uni-lj.si\/toi\/studij\/1-stopnja-2\/tekstilno-in-oblacilno-inzenirstvo-vs-novo\/\">Tekstilno in obla\u010dilno in\u017eenirstvo<\/a> ter <a href=\"https:\/\/www.ntf.uni-lj.si\/toi\/studij\/1-stopnja-2\/nacrtovanje-tekstilij-in-oblacil-un\/\">Na\u010drtovanje tekstilij in obla\u010dil<\/a>, ki so nastali tekom \u0161tudijskega leta 2020\/21 pri predmetih: <strong>Tekstilije za interier, Ra\u010dunalni\u0161ko oblikovanje za tisk, Usnje in krzno, Tehni\u010dne tekstilije in kompoziti, Tkanine in Ra\u010dunalni\u0161ko oblikovanje prej in tkanin<\/strong>.<\/p>\n<p>Razstave si lahko ogledate<a href=\"https:\/\/www.ntf.uni-lj.si\/toi\/event\/virtualne-razstave-studentov-tekstilstva\/\"> tukaj<\/a>.<\/p>\n","protected":false},"excerpt":{"rendered":"Vabljeni na virtualno predstavitev izdelkov \u0161tudentov \u0161tudijskih programov Tekstilno in obla\u010dilno in\u017eenirstvo ter Na\u010drtovanje tekstilij in obla\u010dil, ki so nastali tekom \u0161tudijskega leta 2020\/21 pri predmetih: Tekstilije za interier, Ra\u010dunalni\u0161ko oblikovanje za tisk, Usnje in krzno, Tehni\u010dne tekstilije in kompoziti, Tkanine in Ra\u010dunalni\u0161ko oblikovanje prej in tkanin. Razstave si lahko ogledate tukaj.","protected":false},"author":26,"featured_media":16339,"template":"","categories":[],"class_list":["post-16348","news","type-news","status-publish","has-post-thumbnail","hentry"],"acf":[],"_links":{"self":[{"href":"https:\/\/www.ntf.uni-lj.si\/toi\/wp-json\/wp\/v2\/news\/16348","targetHints":{"allow":["GET"]}}],"collection":[{"href":"https:\/\/www.ntf.uni-lj.si\/toi\/wp-json\/wp\/v2\/news"}],"about":[{"href":"https:\/\/www.ntf.uni-lj.si\/toi\/wp-json\/wp\/v2\/types\/news"}],"author":[{"embeddable":true,"href":"https:\/\/www.ntf.uni-lj.si\/toi\/wp-json\/wp\/v2\/users\/26"}],"version-history":[{"count":2,"href":"https:\/\/www.ntf.uni-lj.si\/toi\/wp-json\/wp\/v2\/news\/16348\/revisions"}],"predecessor-version":[{"id":16350,"href":"https:\/\/www.ntf.uni-lj.si\/toi\/wp-json\/wp\/v2\/news\/16348\/revisions\/16350"}],"wp:featuredmedia":[{"embeddable":true,"href":"https:\/\/www.ntf.uni-lj.si\/toi\/wp-json\/wp\/v2\/media\/16339"}],"wp:attachment":[{"href":"https:\/\/www.ntf.uni-lj.si\/toi\/wp-json\/wp\/v2\/media?parent=16348"}],"wp:term":[{"taxonomy":"category","embeddable":true,"href":"https:\/\/www.ntf.uni-lj.si\/toi\/wp-json\/wp\/v2\/categories?post=16348"}],"curies":[{"name":"wp","href":"https:\/\/api.w.org\/{rel}","templated":true}]}}