{"id":18138,"date":"2022-11-21T12:12:27","date_gmt":"2022-11-21T11:12:27","guid":{"rendered":"https:\/\/www.ntf.uni-lj.si\/toi\/?post_type=news&#038;p=18138"},"modified":"2022-11-21T12:18:54","modified_gmt":"2022-11-21T11:18:54","slug":"sodelovali-smo-na-dnevih-tekstilstva","status":"publish","type":"news","link":"https:\/\/www.ntf.uni-lj.si\/toi\/news\/sodelovali-smo-na-dnevih-tekstilstva\/","title":{"rendered":"Sodelovali smo na &#8220;Dnevih tekstilstva&#8221;"},"content":{"rendered":"<p>V dnevih od 8. do 11. novembra smo sodelavci s <strong>Katedre za tekstilno in obla\u010dilno in\u017eenirstvo<\/strong> sodelovali na <strong>&#8220;Dnevih tekstilstva&#8221;<\/strong>, ki so jih za osnovno\u0161olce organizirali v <strong>Tehni\u0161kem muzeju Bistra<\/strong>. Zvedavim peto\u0161olcem, \u0161esto\u0161olcem in osmo\u0161olcem smo na zanimiv in preprost na\u010din predstavili, s \u010dim vse se na na\u0161i katedri ukvarjamo in jim prikazali, da je tekstil prisoten povsod okoli nas.<\/p>\n<p>Spoznali so pametne tekstilije (tak\u0161ne, ki spreminjajo barvo ali obliko v odvisnosti od temperature in pH vrednosti) in biomimeti\u010dne tekstilije (tak\u0161ne, ki posnemajo naravo, npr. vodododbojne) ter tekstilije namenjene prevoznim sredstvom. Nau\u010dili so se, kako lahko pridobivajo naravna barvila in pigmente iz rastlin ter izvedeli, zakaj na obla\u010dilih nastane piling. Na tak\u0161en na\u010din smo mladim predstavili, da je tekstilstvo veliko ve\u010d kot samo obla\u010dila.<\/p>\n","protected":false},"excerpt":{"rendered":"V dnevih od 8. do 11. novembra smo sodelavci s Katedre za tekstilno in obla\u010dilno in\u017eenirstvo sodelovali na &#8220;Dnevih tekstilstva&#8221;, ki so jih za osnovno\u0161olce organizirali v Tehni\u0161kem muzeju Bistra. Zvedavim peto\u0161olcem, \u0161esto\u0161olcem in osmo\u0161olcem smo na zanimiv in preprost na\u010din predstavili, s \u010dim vse se na na\u0161i katedri ukvarjamo in jim prikazali, da je &#8230; <a class=\"view-article\" href=\"https:\/\/www.ntf.uni-lj.si\/toi\/news\/sodelovali-smo-na-dnevih-tekstilstva\/\">Read more<\/a>","protected":false},"author":26,"featured_media":0,"template":"","categories":[],"acf":[],"yoast_head":"<!-- This site is optimized with the Yoast SEO plugin v17.0 - https:\/\/yoast.com\/wordpress\/plugins\/seo\/ -->\n<meta name=\"robots\" content=\"index, follow, max-snippet:-1, max-image-preview:large, max-video-preview:-1\" \/>\n<link rel=\"canonical\" href=\"https:\/\/www.ntf.uni-lj.si\/toi\/news\/sodelovali-smo-na-dnevih-tekstilstva\/\" \/>\n<meta property=\"og:locale\" content=\"en_US\" \/>\n<meta property=\"og:type\" content=\"article\" \/>\n<meta property=\"og:title\" content=\"Sodelovali smo na &quot;Dnevih tekstilstva&quot; - TOI\" \/>\n<meta property=\"og:description\" content=\"V dnevih od 8. do 11. novembra smo sodelavci s Katedre za tekstilno in obla\u010dilno in\u017eenirstvo sodelovali na &#8220;Dnevih tekstilstva&#8221;, ki so jih za osnovno\u0161olce organizirali v Tehni\u0161kem muzeju Bistra. Zvedavim peto\u0161olcem, \u0161esto\u0161olcem in osmo\u0161olcem smo na zanimiv in preprost na\u010din predstavili, s \u010dim vse se na na\u0161i katedri ukvarjamo in jim prikazali, da je ... Read more\" \/>\n<meta property=\"og:url\" content=\"https:\/\/www.ntf.uni-lj.si\/toi\/news\/sodelovali-smo-na-dnevih-tekstilstva\/\" \/>\n<meta property=\"og:site_name\" content=\"TOI\" \/>\n<meta property=\"article:modified_time\" content=\"2022-11-21T11:18:54+00:00\" \/>\n<meta name=\"twitter:label1\" content=\"Est. reading time\" \/>\n\t<meta name=\"twitter:data1\" content=\"1 minute\" \/>\n<script type=\"application\/ld+json\" class=\"yoast-schema-graph\">{\"@context\":\"https:\/\/schema.org\",\"@graph\":[{\"@type\":\"WebSite\",\"@id\":\"https:\/\/www.ntf.uni-lj.si\/toi\/#website\",\"url\":\"https:\/\/www.ntf.uni-lj.si\/toi\/\",\"name\":\"TOI\",\"description\":\"Katedra za tekstilno in obla\\u010dilno in\\u017eenirstvo\",\"potentialAction\":[{\"@type\":\"SearchAction\",\"target\":{\"@type\":\"EntryPoint\",\"urlTemplate\":\"https:\/\/www.ntf.uni-lj.si\/toi\/?s={search_term_string}\"},\"query-input\":\"required name=search_term_string\"}],\"inLanguage\":\"en-US\"},{\"@type\":\"WebPage\",\"@id\":\"https:\/\/www.ntf.uni-lj.si\/toi\/news\/sodelovali-smo-na-dnevih-tekstilstva\/#webpage\",\"url\":\"https:\/\/www.ntf.uni-lj.si\/toi\/news\/sodelovali-smo-na-dnevih-tekstilstva\/\",\"name\":\"Sodelovali smo na \\\"Dnevih tekstilstva\\\" - TOI\",\"isPartOf\":{\"@id\":\"https:\/\/www.ntf.uni-lj.si\/toi\/#website\"},\"datePublished\":\"2022-11-21T11:12:27+00:00\",\"dateModified\":\"2022-11-21T11:18:54+00:00\",\"breadcrumb\":{\"@id\":\"https:\/\/www.ntf.uni-lj.si\/toi\/news\/sodelovali-smo-na-dnevih-tekstilstva\/#breadcrumb\"},\"inLanguage\":\"en-US\",\"potentialAction\":[{\"@type\":\"ReadAction\",\"target\":[\"https:\/\/www.ntf.uni-lj.si\/toi\/news\/sodelovali-smo-na-dnevih-tekstilstva\/\"]}]},{\"@type\":\"BreadcrumbList\",\"@id\":\"https:\/\/www.ntf.uni-lj.si\/toi\/news\/sodelovali-smo-na-dnevih-tekstilstva\/#breadcrumb\",\"itemListElement\":[{\"@type\":\"ListItem\",\"position\":1,\"name\":\"Domov\",\"item\":\"https:\/\/www.ntf.uni-lj.si\/toi\/\"},{\"@type\":\"ListItem\",\"position\":2,\"name\":\"News\",\"item\":\"https:\/\/www.ntf.uni-lj.si\/toi\/en\/news\/\"},{\"@type\":\"ListItem\",\"position\":3,\"name\":\"Sodelovali smo na \\\"Dnevih tekstilstva\\\"\"}]}]}<\/script>\n<!-- \/ Yoast SEO plugin. -->","yoast_head_json":{"robots":{"index":"index","follow":"follow","max-snippet":"max-snippet:-1","max-image-preview":"max-image-preview:large","max-video-preview":"max-video-preview:-1"},"canonical":"https:\/\/www.ntf.uni-lj.si\/toi\/news\/sodelovali-smo-na-dnevih-tekstilstva\/","og_locale":"en_US","og_type":"article","og_title":"Sodelovali smo na \"Dnevih tekstilstva\" - TOI","og_description":"V dnevih od 8. do 11. novembra smo sodelavci s Katedre za tekstilno in obla\u010dilno in\u017eenirstvo sodelovali na &#8220;Dnevih tekstilstva&#8221;, ki so jih za osnovno\u0161olce organizirali v Tehni\u0161kem muzeju Bistra. Zvedavim peto\u0161olcem, \u0161esto\u0161olcem in osmo\u0161olcem smo na zanimiv in preprost na\u010din predstavili, s \u010dim vse se na na\u0161i katedri ukvarjamo in jim prikazali, da je ... Read more","og_url":"https:\/\/www.ntf.uni-lj.si\/toi\/news\/sodelovali-smo-na-dnevih-tekstilstva\/","og_site_name":"TOI","article_modified_time":"2022-11-21T11:18:54+00:00","twitter_misc":{"Est. reading time":"1 minute"},"schema":{"@context":"https:\/\/schema.org","@graph":[{"@type":"WebSite","@id":"https:\/\/www.ntf.uni-lj.si\/toi\/#website","url":"https:\/\/www.ntf.uni-lj.si\/toi\/","name":"TOI","description":"Katedra za tekstilno in obla\u010dilno in\u017eenirstvo","potentialAction":[{"@type":"SearchAction","target":{"@type":"EntryPoint","urlTemplate":"https:\/\/www.ntf.uni-lj.si\/toi\/?s={search_term_string}"},"query-input":"required name=search_term_string"}],"inLanguage":"en-US"},{"@type":"WebPage","@id":"https:\/\/www.ntf.uni-lj.si\/toi\/news\/sodelovali-smo-na-dnevih-tekstilstva\/#webpage","url":"https:\/\/www.ntf.uni-lj.si\/toi\/news\/sodelovali-smo-na-dnevih-tekstilstva\/","name":"Sodelovali smo na \"Dnevih tekstilstva\" - TOI","isPartOf":{"@id":"https:\/\/www.ntf.uni-lj.si\/toi\/#website"},"datePublished":"2022-11-21T11:12:27+00:00","dateModified":"2022-11-21T11:18:54+00:00","breadcrumb":{"@id":"https:\/\/www.ntf.uni-lj.si\/toi\/news\/sodelovali-smo-na-dnevih-tekstilstva\/#breadcrumb"},"inLanguage":"en-US","potentialAction":[{"@type":"ReadAction","target":["https:\/\/www.ntf.uni-lj.si\/toi\/news\/sodelovali-smo-na-dnevih-tekstilstva\/"]}]},{"@type":"BreadcrumbList","@id":"https:\/\/www.ntf.uni-lj.si\/toi\/news\/sodelovali-smo-na-dnevih-tekstilstva\/#breadcrumb","itemListElement":[{"@type":"ListItem","position":1,"name":"Domov","item":"https:\/\/www.ntf.uni-lj.si\/toi\/"},{"@type":"ListItem","position":2,"name":"News","item":"https:\/\/www.ntf.uni-lj.si\/toi\/en\/news\/"},{"@type":"ListItem","position":3,"name":"Sodelovali smo na \"Dnevih tekstilstva\""}]}]}},"_links":{"self":[{"href":"https:\/\/www.ntf.uni-lj.si\/toi\/wp-json\/wp\/v2\/news\/18138"}],"collection":[{"href":"https:\/\/www.ntf.uni-lj.si\/toi\/wp-json\/wp\/v2\/news"}],"about":[{"href":"https:\/\/www.ntf.uni-lj.si\/toi\/wp-json\/wp\/v2\/types\/news"}],"author":[{"embeddable":true,"href":"https:\/\/www.ntf.uni-lj.si\/toi\/wp-json\/wp\/v2\/users\/26"}],"version-history":[{"count":2,"href":"https:\/\/www.ntf.uni-lj.si\/toi\/wp-json\/wp\/v2\/news\/18138\/revisions"}],"predecessor-version":[{"id":18142,"href":"https:\/\/www.ntf.uni-lj.si\/toi\/wp-json\/wp\/v2\/news\/18138\/revisions\/18142"}],"wp:attachment":[{"href":"https:\/\/www.ntf.uni-lj.si\/toi\/wp-json\/wp\/v2\/media?parent=18138"}],"wp:term":[{"taxonomy":"category","embeddable":true,"href":"https:\/\/www.ntf.uni-lj.si\/toi\/wp-json\/wp\/v2\/categories?post=18138"}],"curies":[{"name":"wp","href":"https:\/\/api.w.org\/{rel}","templated":true}]}}