{"id":19463,"date":"2024-06-12T09:41:05","date_gmt":"2024-06-12T07:41:05","guid":{"rendered":"https:\/\/www.ntf.uni-lj.si\/toi\/?post_type=news&#038;p=19463"},"modified":"2024-06-12T09:43:26","modified_gmt":"2024-06-12T07:43:26","slug":"tekstilni-inzenirji-za-en-dan","status":"publish","type":"news","link":"https:\/\/www.ntf.uni-lj.si\/toi\/news\/tekstilni-inzenirji-za-en-dan\/","title":{"rendered":"Tekstilni in\u017eenirji za en dan"},"content":{"rendered":"<p>V maju so Oddelek za tekstilstvo, grafiko in oblikovanje v sklopu izbirnega predmeta \u017ee drugo leto zapored obiskali sedmo\u0161olci iz Osnovne \u0161ole \u017dirovnica. Med ogledom prostorov in laboratorijev na fakulteti so se seznanili s tekstilno tehnologijo in modnim oblikovanjem. Preko teoreti\u010dnih razlag in prakti\u010dnih prikazov so spoznali, kako iz vlaken nastanejo tkanine in pletiva, obdelane z raznoraznimi apreturami in dodelane z razli\u010dnimi tiski ter na koncu obla\u010dila. Poleg zaposlenih na fakulteti, so na sedmo\u0161olce svoje znanje prenesli tudi magistrski \u0161tudentje, s katerimi so zdru\u017eili mo\u010di v delavnici sitotiska. Projektni dan se je zaklju\u010dil z delavnico \u00bbkola\u017eiranih tekstilnih vre\u010dk\u00ab, katerih izdelava je bila z razli\u010dnimi ostanki tekstila tudi trajnostno obarvana.<\/p>\n<p><a href=\"https:\/\/www.ntf.uni-lj.si\/toi\/wp-content\/uploads\/sites\/7\/2024\/06\/Skica-scaled.jpg\"><img loading=\"lazy\" width=\"300\" height=\"249\" class=\"alignnone size-medium wp-image-19457\" src=\"https:\/\/www.ntf.uni-lj.si\/toi\/wp-content\/uploads\/sites\/7\/2024\/06\/Skica-300x249.jpg\" alt=\"\" srcset=\"https:\/\/www.ntf.uni-lj.si\/toi\/wp-content\/uploads\/sites\/7\/2024\/06\/Skica-300x249.jpg 300w, https:\/\/www.ntf.uni-lj.si\/toi\/wp-content\/uploads\/sites\/7\/2024\/06\/Skica-1024x849.jpg 1024w, https:\/\/www.ntf.uni-lj.si\/toi\/wp-content\/uploads\/sites\/7\/2024\/06\/Skica-768x637.jpg 768w, https:\/\/www.ntf.uni-lj.si\/toi\/wp-content\/uploads\/sites\/7\/2024\/06\/Skica-1536x1273.jpg 1536w, https:\/\/www.ntf.uni-lj.si\/toi\/wp-content\/uploads\/sites\/7\/2024\/06\/Skica-2048x1698.jpg 2048w\" sizes=\"(max-width: 300px) 100vw, 300px\" \/><\/a><\/p>\n","protected":false},"excerpt":{"rendered":"V maju so Oddelek za tekstilstvo, grafiko in oblikovanje v sklopu izbirnega predmeta \u017ee drugo leto zapored obiskali sedmo\u0161olci iz Osnovne \u0161ole \u017dirovnica. Med ogledom prostorov in laboratorijev na fakulteti so se seznanili s tekstilno tehnologijo in modnim oblikovanjem. Preko teoreti\u010dnih razlag in prakti\u010dnih prikazov so spoznali, kako iz vlaken nastanejo tkanine in pletiva, obdelane &#8230; <a class=\"view-article\" href=\"https:\/\/www.ntf.uni-lj.si\/toi\/news\/tekstilni-inzenirji-za-en-dan\/\">Read more<\/a>","protected":false},"author":26,"featured_media":0,"template":"","categories":[],"acf":[],"yoast_head":"<!-- This site is optimized with the Yoast SEO plugin v17.0 - https:\/\/yoast.com\/wordpress\/plugins\/seo\/ -->\n<meta name=\"robots\" content=\"index, follow, max-snippet:-1, max-image-preview:large, max-video-preview:-1\" \/>\n<link rel=\"canonical\" href=\"https:\/\/www.ntf.uni-lj.si\/toi\/news\/tekstilni-inzenirji-za-en-dan\/\" \/>\n<meta property=\"og:locale\" content=\"en_US\" \/>\n<meta property=\"og:type\" content=\"article\" \/>\n<meta property=\"og:title\" content=\"Tekstilni in\u017eenirji za en dan - TOI\" \/>\n<meta property=\"og:description\" content=\"V maju so Oddelek za tekstilstvo, grafiko in oblikovanje v sklopu izbirnega predmeta \u017ee drugo leto zapored obiskali sedmo\u0161olci iz Osnovne \u0161ole \u017dirovnica. Med ogledom prostorov in laboratorijev na fakulteti so se seznanili s tekstilno tehnologijo in modnim oblikovanjem. Preko teoreti\u010dnih razlag in prakti\u010dnih prikazov so spoznali, kako iz vlaken nastanejo tkanine in pletiva, obdelane ... Read more\" \/>\n<meta property=\"og:url\" content=\"https:\/\/www.ntf.uni-lj.si\/toi\/news\/tekstilni-inzenirji-za-en-dan\/\" \/>\n<meta property=\"og:site_name\" content=\"TOI\" \/>\n<meta property=\"article:modified_time\" content=\"2024-06-12T07:43:26+00:00\" \/>\n<meta property=\"og:image\" content=\"https:\/\/www.ntf.uni-lj.si\/toi\/wp-content\/uploads\/sites\/7\/2024\/06\/Skica-300x249.jpg\" \/>\n<meta name=\"twitter:label1\" content=\"Est. reading time\" \/>\n\t<meta name=\"twitter:data1\" content=\"1 minute\" \/>\n<script type=\"application\/ld+json\" class=\"yoast-schema-graph\">{\"@context\":\"https:\/\/schema.org\",\"@graph\":[{\"@type\":\"WebSite\",\"@id\":\"https:\/\/www.ntf.uni-lj.si\/toi\/#website\",\"url\":\"https:\/\/www.ntf.uni-lj.si\/toi\/\",\"name\":\"TOI\",\"description\":\"Katedra za tekstilno in obla\\u010dilno in\\u017eenirstvo\",\"potentialAction\":[{\"@type\":\"SearchAction\",\"target\":{\"@type\":\"EntryPoint\",\"urlTemplate\":\"https:\/\/www.ntf.uni-lj.si\/toi\/?s={search_term_string}\"},\"query-input\":\"required name=search_term_string\"}],\"inLanguage\":\"en-US\"},{\"@type\":\"ImageObject\",\"@id\":\"https:\/\/www.ntf.uni-lj.si\/toi\/news\/tekstilni-inzenirji-za-en-dan\/#primaryimage\",\"inLanguage\":\"en-US\",\"url\":\"https:\/\/www.ntf.uni-lj.si\/toi\/wp-content\/uploads\/sites\/7\/2024\/06\/Skica-scaled.jpg\",\"contentUrl\":\"https:\/\/www.ntf.uni-lj.si\/toi\/wp-content\/uploads\/sites\/7\/2024\/06\/Skica-scaled.jpg\",\"width\":2560,\"height\":2122},{\"@type\":\"WebPage\",\"@id\":\"https:\/\/www.ntf.uni-lj.si\/toi\/news\/tekstilni-inzenirji-za-en-dan\/#webpage\",\"url\":\"https:\/\/www.ntf.uni-lj.si\/toi\/news\/tekstilni-inzenirji-za-en-dan\/\",\"name\":\"Tekstilni in\\u017eenirji za en dan - TOI\",\"isPartOf\":{\"@id\":\"https:\/\/www.ntf.uni-lj.si\/toi\/#website\"},\"primaryImageOfPage\":{\"@id\":\"https:\/\/www.ntf.uni-lj.si\/toi\/news\/tekstilni-inzenirji-za-en-dan\/#primaryimage\"},\"datePublished\":\"2024-06-12T07:41:05+00:00\",\"dateModified\":\"2024-06-12T07:43:26+00:00\",\"breadcrumb\":{\"@id\":\"https:\/\/www.ntf.uni-lj.si\/toi\/news\/tekstilni-inzenirji-za-en-dan\/#breadcrumb\"},\"inLanguage\":\"en-US\",\"potentialAction\":[{\"@type\":\"ReadAction\",\"target\":[\"https:\/\/www.ntf.uni-lj.si\/toi\/news\/tekstilni-inzenirji-za-en-dan\/\"]}]},{\"@type\":\"BreadcrumbList\",\"@id\":\"https:\/\/www.ntf.uni-lj.si\/toi\/news\/tekstilni-inzenirji-za-en-dan\/#breadcrumb\",\"itemListElement\":[{\"@type\":\"ListItem\",\"position\":1,\"name\":\"Domov\",\"item\":\"https:\/\/www.ntf.uni-lj.si\/toi\/\"},{\"@type\":\"ListItem\",\"position\":2,\"name\":\"News\",\"item\":\"https:\/\/www.ntf.uni-lj.si\/toi\/en\/news\/\"},{\"@type\":\"ListItem\",\"position\":3,\"name\":\"Tekstilni in\\u017eenirji za en dan\"}]}]}<\/script>\n<!-- \/ Yoast SEO plugin. -->","yoast_head_json":{"robots":{"index":"index","follow":"follow","max-snippet":"max-snippet:-1","max-image-preview":"max-image-preview:large","max-video-preview":"max-video-preview:-1"},"canonical":"https:\/\/www.ntf.uni-lj.si\/toi\/news\/tekstilni-inzenirji-za-en-dan\/","og_locale":"en_US","og_type":"article","og_title":"Tekstilni in\u017eenirji za en dan - TOI","og_description":"V maju so Oddelek za tekstilstvo, grafiko in oblikovanje v sklopu izbirnega predmeta \u017ee drugo leto zapored obiskali sedmo\u0161olci iz Osnovne \u0161ole \u017dirovnica. Med ogledom prostorov in laboratorijev na fakulteti so se seznanili s tekstilno tehnologijo in modnim oblikovanjem. Preko teoreti\u010dnih razlag in prakti\u010dnih prikazov so spoznali, kako iz vlaken nastanejo tkanine in pletiva, obdelane ... Read more","og_url":"https:\/\/www.ntf.uni-lj.si\/toi\/news\/tekstilni-inzenirji-za-en-dan\/","og_site_name":"TOI","article_modified_time":"2024-06-12T07:43:26+00:00","og_image":[{"url":"https:\/\/www.ntf.uni-lj.si\/toi\/wp-content\/uploads\/sites\/7\/2024\/06\/Skica-300x249.jpg"}],"twitter_misc":{"Est. reading time":"1 minute"},"schema":{"@context":"https:\/\/schema.org","@graph":[{"@type":"WebSite","@id":"https:\/\/www.ntf.uni-lj.si\/toi\/#website","url":"https:\/\/www.ntf.uni-lj.si\/toi\/","name":"TOI","description":"Katedra za tekstilno in obla\u010dilno in\u017eenirstvo","potentialAction":[{"@type":"SearchAction","target":{"@type":"EntryPoint","urlTemplate":"https:\/\/www.ntf.uni-lj.si\/toi\/?s={search_term_string}"},"query-input":"required name=search_term_string"}],"inLanguage":"en-US"},{"@type":"ImageObject","@id":"https:\/\/www.ntf.uni-lj.si\/toi\/news\/tekstilni-inzenirji-za-en-dan\/#primaryimage","inLanguage":"en-US","url":"https:\/\/www.ntf.uni-lj.si\/toi\/wp-content\/uploads\/sites\/7\/2024\/06\/Skica-scaled.jpg","contentUrl":"https:\/\/www.ntf.uni-lj.si\/toi\/wp-content\/uploads\/sites\/7\/2024\/06\/Skica-scaled.jpg","width":2560,"height":2122},{"@type":"WebPage","@id":"https:\/\/www.ntf.uni-lj.si\/toi\/news\/tekstilni-inzenirji-za-en-dan\/#webpage","url":"https:\/\/www.ntf.uni-lj.si\/toi\/news\/tekstilni-inzenirji-za-en-dan\/","name":"Tekstilni in\u017eenirji za en dan - TOI","isPartOf":{"@id":"https:\/\/www.ntf.uni-lj.si\/toi\/#website"},"primaryImageOfPage":{"@id":"https:\/\/www.ntf.uni-lj.si\/toi\/news\/tekstilni-inzenirji-za-en-dan\/#primaryimage"},"datePublished":"2024-06-12T07:41:05+00:00","dateModified":"2024-06-12T07:43:26+00:00","breadcrumb":{"@id":"https:\/\/www.ntf.uni-lj.si\/toi\/news\/tekstilni-inzenirji-za-en-dan\/#breadcrumb"},"inLanguage":"en-US","potentialAction":[{"@type":"ReadAction","target":["https:\/\/www.ntf.uni-lj.si\/toi\/news\/tekstilni-inzenirji-za-en-dan\/"]}]},{"@type":"BreadcrumbList","@id":"https:\/\/www.ntf.uni-lj.si\/toi\/news\/tekstilni-inzenirji-za-en-dan\/#breadcrumb","itemListElement":[{"@type":"ListItem","position":1,"name":"Domov","item":"https:\/\/www.ntf.uni-lj.si\/toi\/"},{"@type":"ListItem","position":2,"name":"News","item":"https:\/\/www.ntf.uni-lj.si\/toi\/en\/news\/"},{"@type":"ListItem","position":3,"name":"Tekstilni in\u017eenirji za en dan"}]}]}},"_links":{"self":[{"href":"https:\/\/www.ntf.uni-lj.si\/toi\/wp-json\/wp\/v2\/news\/19463"}],"collection":[{"href":"https:\/\/www.ntf.uni-lj.si\/toi\/wp-json\/wp\/v2\/news"}],"about":[{"href":"https:\/\/www.ntf.uni-lj.si\/toi\/wp-json\/wp\/v2\/types\/news"}],"author":[{"embeddable":true,"href":"https:\/\/www.ntf.uni-lj.si\/toi\/wp-json\/wp\/v2\/users\/26"}],"version-history":[{"count":3,"href":"https:\/\/www.ntf.uni-lj.si\/toi\/wp-json\/wp\/v2\/news\/19463\/revisions"}],"predecessor-version":[{"id":19466,"href":"https:\/\/www.ntf.uni-lj.si\/toi\/wp-json\/wp\/v2\/news\/19463\/revisions\/19466"}],"wp:attachment":[{"href":"https:\/\/www.ntf.uni-lj.si\/toi\/wp-json\/wp\/v2\/media?parent=19463"}],"wp:term":[{"taxonomy":"category","embeddable":true,"href":"https:\/\/www.ntf.uni-lj.si\/toi\/wp-json\/wp\/v2\/categories?post=19463"}],"curies":[{"name":"wp","href":"https:\/\/api.w.org\/{rel}","templated":true}]}}